{"id":5353,"date":"2021-02-01T16:27:09","date_gmt":"2021-02-01T16:27:09","guid":{"rendered":"https:\/\/www.masvilar.cat\/bienvenue-au-mas-vilar\/"},"modified":"2021-02-01T16:27:13","modified_gmt":"2021-02-01T16:27:13","slug":"bienvenue-au-mas-vilar","status":"publish","type":"post","link":"https:\/\/www.masvilar.cat\/fr\/bienvenue-au-mas-vilar\/","title":{"rendered":"Bienvenue au Mas Vilar"},"content":{"rendered":"\n<p>Nous sommes Jaume et Noem\u00ed et nous voulons vous dire que nous rouvrons Mas Vilar, une ferme situ\u00e9e au c\u0153ur de Montseny, \u00e0 Arb\u00facies, avec un nouveau projet de tourisme rural. <\/p>\n\n<p>Notre exp\u00e9rience \u00e0 la Masia le Buxaus, depuis 13 ans, a \u00e9t\u00e9 d\u00e9cisive pour entreprendre ce nouveau projet. Tout au long de ces ann\u00e9es, nous avons pu corroborer que <strong>recevoir des clients dans notre maison et leur offrir du confort, une cuisine naturelle faite maison, faite avec des produits frais et locaux &#8230; et bien s\u00fbr transmettre une bonne \u00e9nergie et un traitement convivial, c&rsquo;est ce que nous aimons le plus<\/strong>. <\/p>\n\n<p>Nous aimons vraiment rencontrer des gens de partout avec des passe-temps et des int\u00e9r\u00eats diff\u00e9rents. Peu importe d&rsquo;o\u00f9 viennent nos clients, ils ont tous une caract\u00e9ristique en commun, et c&rsquo;est le d\u00e9sir d&rsquo;\u00eatre en contact avec la nature. <strong>Le respect de la nature est l&rsquo;un de nos piliers et cette maison dispose des syst\u00e8mes les plus efficaces et durables ce qui ajoutent de la valeur \u00e0 notre projet<\/strong>.<\/p>\n\n<p>Alors, nous esp\u00e9rons que vous appr\u00e9cierez beaucoup cette nouvelle maison et ce nouveau projet. Ce sera un plaisir de vous recevoir et de partager avec vous tout ce que nous avons appris et ce que nous allons apprendre. <\/p>\n\n<p><strong>Bienvenue au Mas Vilar!<\/strong><\/p>\n","protected":false},"excerpt":{"rendered":"<p>Nous sommes Jaume et Noem\u00ed et nous voulons vous dire que nous rouvrons Mas Vilar, une ferme situ\u00e9e au c\u0153ur de Montseny, \u00e0 Arb\u00facies, avec un nouveau projet de tourisme rural. Notre exp\u00e9rience \u00e0 la Masia le Buxaus, depuis 13 ans, a \u00e9t\u00e9 d\u00e9cisive pour entreprendre ce nouveau projet. Tout au long de ces ann\u00e9es, [&hellip;]<\/p>\n","protected":false},"author":1,"featured_media":5354,"comment_status":"closed","ping_status":"open","sticky":false,"template":"","format":"standard","meta":{"_et_pb_use_builder":"off","_et_pb_old_content":"","_et_gb_content_width":"","footnotes":""},"categories":[20],"tags":[],"class_list":["post-5353","post","type-post","status-publish","format-standard","has-post-thumbnail","hentry","category-non-classifiee"],"yoast_head":"<!-- This site is optimized with the Yoast SEO plugin v27.3 - https:\/\/yoast.com\/product\/yoast-seo-wordpress\/ -->\n<title>Bienvenue au Mas Vilar - Mas Vilar<\/title>\n<meta name=\"robots\" content=\"index, follow, max-snippet:-1, max-image-preview:large, max-video-preview:-1\" \/>\n<link rel=\"canonical\" href=\"https:\/\/www.masvilar.cat\/fr\/bienvenue-au-mas-vilar\/\" \/>\n<meta property=\"og:locale\" content=\"fr_FR\" \/>\n<meta property=\"og:type\" content=\"article\" \/>\n<meta property=\"og:title\" content=\"Bienvenue au Mas Vilar - Mas Vilar\" \/>\n<meta property=\"og:description\" content=\"Nous sommes Jaume et Noem\u00ed et nous voulons vous dire que nous rouvrons Mas Vilar, une ferme situ\u00e9e au c\u0153ur de Montseny, \u00e0 Arb\u00facies, avec un nouveau projet de tourisme rural. Notre exp\u00e9rience \u00e0 la Masia le Buxaus, depuis 13 ans, a \u00e9t\u00e9 d\u00e9cisive pour entreprendre ce nouveau projet. Tout au long de ces ann\u00e9es, [&hellip;]\" \/>\n<meta property=\"og:url\" content=\"https:\/\/www.masvilar.cat\/fr\/bienvenue-au-mas-vilar\/\" \/>\n<meta property=\"og:site_name\" content=\"Mas Vilar\" \/>\n<meta property=\"article:published_time\" content=\"2021-02-01T16:27:09+00:00\" \/>\n<meta property=\"article:modified_time\" content=\"2021-02-01T16:27:13+00:00\" \/>\n<meta property=\"og:image\" content=\"https:\/\/www.masvilar.cat\/wp-content\/uploads\/2020\/12\/mas-vilar-entrada.jpg\" \/>\n\t<meta property=\"og:image:width\" content=\"1200\" \/>\n\t<meta property=\"og:image:height\" content=\"788\" \/>\n\t<meta property=\"og:image:type\" content=\"image\/jpeg\" \/>\n<meta name=\"author\" content=\"weareonfaya\" \/>\n<meta name=\"twitter:card\" content=\"summary_large_image\" \/>\n<meta name=\"twitter:label1\" content=\"\u00c9crit par\" \/>\n\t<meta name=\"twitter:data1\" content=\"weareonfaya\" \/>\n\t<meta name=\"twitter:label2\" content=\"Dur\u00e9e de lecture estim\u00e9e\" \/>\n\t<meta name=\"twitter:data2\" content=\"1 minute\" \/>\n<script type=\"application\/ld+json\" class=\"yoast-schema-graph\">{\"@context\":\"https:\\\/\\\/schema.org\",\"@graph\":[{\"@type\":\"Article\",\"@id\":\"https:\\\/\\\/www.masvilar.cat\\\/fr\\\/bienvenue-au-mas-vilar\\\/#article\",\"isPartOf\":{\"@id\":\"https:\\\/\\\/www.masvilar.cat\\\/fr\\\/bienvenue-au-mas-vilar\\\/\"},\"author\":{\"name\":\"weareonfaya\",\"@id\":\"https:\\\/\\\/www.masvilar.cat\\\/#\\\/schema\\\/person\\\/cd4d13ded75fba48ad41f0e9c71f3155\"},\"headline\":\"Bienvenue au Mas Vilar\",\"datePublished\":\"2021-02-01T16:27:09+00:00\",\"dateModified\":\"2021-02-01T16:27:13+00:00\",\"mainEntityOfPage\":{\"@id\":\"https:\\\/\\\/www.masvilar.cat\\\/fr\\\/bienvenue-au-mas-vilar\\\/\"},\"wordCount\":227,\"image\":{\"@id\":\"https:\\\/\\\/www.masvilar.cat\\\/fr\\\/bienvenue-au-mas-vilar\\\/#primaryimage\"},\"thumbnailUrl\":\"https:\\\/\\\/www.masvilar.cat\\\/wp-content\\\/uploads\\\/2020\\\/12\\\/mas-vilar-entrada.jpg\",\"articleSection\":[\"Non classifi\u00e9(e)\"],\"inLanguage\":\"fr-FR\"},{\"@type\":\"WebPage\",\"@id\":\"https:\\\/\\\/www.masvilar.cat\\\/fr\\\/bienvenue-au-mas-vilar\\\/\",\"url\":\"https:\\\/\\\/www.masvilar.cat\\\/fr\\\/bienvenue-au-mas-vilar\\\/\",\"name\":\"Bienvenue au Mas Vilar - Mas Vilar\",\"isPartOf\":{\"@id\":\"https:\\\/\\\/www.masvilar.cat\\\/#website\"},\"primaryImageOfPage\":{\"@id\":\"https:\\\/\\\/www.masvilar.cat\\\/fr\\\/bienvenue-au-mas-vilar\\\/#primaryimage\"},\"image\":{\"@id\":\"https:\\\/\\\/www.masvilar.cat\\\/fr\\\/bienvenue-au-mas-vilar\\\/#primaryimage\"},\"thumbnailUrl\":\"https:\\\/\\\/www.masvilar.cat\\\/wp-content\\\/uploads\\\/2020\\\/12\\\/mas-vilar-entrada.jpg\",\"datePublished\":\"2021-02-01T16:27:09+00:00\",\"dateModified\":\"2021-02-01T16:27:13+00:00\",\"author\":{\"@id\":\"https:\\\/\\\/www.masvilar.cat\\\/#\\\/schema\\\/person\\\/cd4d13ded75fba48ad41f0e9c71f3155\"},\"breadcrumb\":{\"@id\":\"https:\\\/\\\/www.masvilar.cat\\\/fr\\\/bienvenue-au-mas-vilar\\\/#breadcrumb\"},\"inLanguage\":\"fr-FR\",\"potentialAction\":[{\"@type\":\"ReadAction\",\"target\":[\"https:\\\/\\\/www.masvilar.cat\\\/fr\\\/bienvenue-au-mas-vilar\\\/\"]}]},{\"@type\":\"ImageObject\",\"inLanguage\":\"fr-FR\",\"@id\":\"https:\\\/\\\/www.masvilar.cat\\\/fr\\\/bienvenue-au-mas-vilar\\\/#primaryimage\",\"url\":\"https:\\\/\\\/www.masvilar.cat\\\/wp-content\\\/uploads\\\/2020\\\/12\\\/mas-vilar-entrada.jpg\",\"contentUrl\":\"https:\\\/\\\/www.masvilar.cat\\\/wp-content\\\/uploads\\\/2020\\\/12\\\/mas-vilar-entrada.jpg\",\"width\":1200,\"height\":788},{\"@type\":\"BreadcrumbList\",\"@id\":\"https:\\\/\\\/www.masvilar.cat\\\/fr\\\/bienvenue-au-mas-vilar\\\/#breadcrumb\",\"itemListElement\":[{\"@type\":\"ListItem\",\"position\":1,\"name\":\"Inici\",\"item\":\"https:\\\/\\\/www.masvilar.cat\\\/fr\\\/\"},{\"@type\":\"ListItem\",\"position\":2,\"name\":\"Bienvenue au Mas Vilar\"}]},{\"@type\":\"WebSite\",\"@id\":\"https:\\\/\\\/www.masvilar.cat\\\/#website\",\"url\":\"https:\\\/\\\/www.masvilar.cat\\\/\",\"name\":\"Mas Vilar\",\"description\":\"Turisme Rural al Montseny\",\"potentialAction\":[{\"@type\":\"SearchAction\",\"target\":{\"@type\":\"EntryPoint\",\"urlTemplate\":\"https:\\\/\\\/www.masvilar.cat\\\/?s={search_term_string}\"},\"query-input\":{\"@type\":\"PropertyValueSpecification\",\"valueRequired\":true,\"valueName\":\"search_term_string\"}}],\"inLanguage\":\"fr-FR\"},{\"@type\":\"Person\",\"@id\":\"https:\\\/\\\/www.masvilar.cat\\\/#\\\/schema\\\/person\\\/cd4d13ded75fba48ad41f0e9c71f3155\",\"name\":\"weareonfaya\",\"url\":\"https:\\\/\\\/www.masvilar.cat\\\/fr\\\/author\\\/onfayapr\\\/\"}]}<\/script>\n<!-- \/ Yoast SEO plugin. -->","yoast_head_json":{"title":"Bienvenue au Mas Vilar - Mas Vilar","robots":{"index":"index","follow":"follow","max-snippet":"max-snippet:-1","max-image-preview":"max-image-preview:large","max-video-preview":"max-video-preview:-1"},"canonical":"https:\/\/www.masvilar.cat\/fr\/bienvenue-au-mas-vilar\/","og_locale":"fr_FR","og_type":"article","og_title":"Bienvenue au Mas Vilar - Mas Vilar","og_description":"Nous sommes Jaume et Noem\u00ed et nous voulons vous dire que nous rouvrons Mas Vilar, une ferme situ\u00e9e au c\u0153ur de Montseny, \u00e0 Arb\u00facies, avec un nouveau projet de tourisme rural. Notre exp\u00e9rience \u00e0 la Masia le Buxaus, depuis 13 ans, a \u00e9t\u00e9 d\u00e9cisive pour entreprendre ce nouveau projet. Tout au long de ces ann\u00e9es, [&hellip;]","og_url":"https:\/\/www.masvilar.cat\/fr\/bienvenue-au-mas-vilar\/","og_site_name":"Mas Vilar","article_published_time":"2021-02-01T16:27:09+00:00","article_modified_time":"2021-02-01T16:27:13+00:00","og_image":[{"width":1200,"height":788,"url":"https:\/\/www.masvilar.cat\/wp-content\/uploads\/2020\/12\/mas-vilar-entrada.jpg","type":"image\/jpeg"}],"author":"weareonfaya","twitter_card":"summary_large_image","twitter_misc":{"\u00c9crit par":"weareonfaya","Dur\u00e9e de lecture estim\u00e9e":"1 minute"},"schema":{"@context":"https:\/\/schema.org","@graph":[{"@type":"Article","@id":"https:\/\/www.masvilar.cat\/fr\/bienvenue-au-mas-vilar\/#article","isPartOf":{"@id":"https:\/\/www.masvilar.cat\/fr\/bienvenue-au-mas-vilar\/"},"author":{"name":"weareonfaya","@id":"https:\/\/www.masvilar.cat\/#\/schema\/person\/cd4d13ded75fba48ad41f0e9c71f3155"},"headline":"Bienvenue au Mas Vilar","datePublished":"2021-02-01T16:27:09+00:00","dateModified":"2021-02-01T16:27:13+00:00","mainEntityOfPage":{"@id":"https:\/\/www.masvilar.cat\/fr\/bienvenue-au-mas-vilar\/"},"wordCount":227,"image":{"@id":"https:\/\/www.masvilar.cat\/fr\/bienvenue-au-mas-vilar\/#primaryimage"},"thumbnailUrl":"https:\/\/www.masvilar.cat\/wp-content\/uploads\/2020\/12\/mas-vilar-entrada.jpg","articleSection":["Non classifi\u00e9(e)"],"inLanguage":"fr-FR"},{"@type":"WebPage","@id":"https:\/\/www.masvilar.cat\/fr\/bienvenue-au-mas-vilar\/","url":"https:\/\/www.masvilar.cat\/fr\/bienvenue-au-mas-vilar\/","name":"Bienvenue au Mas Vilar - Mas Vilar","isPartOf":{"@id":"https:\/\/www.masvilar.cat\/#website"},"primaryImageOfPage":{"@id":"https:\/\/www.masvilar.cat\/fr\/bienvenue-au-mas-vilar\/#primaryimage"},"image":{"@id":"https:\/\/www.masvilar.cat\/fr\/bienvenue-au-mas-vilar\/#primaryimage"},"thumbnailUrl":"https:\/\/www.masvilar.cat\/wp-content\/uploads\/2020\/12\/mas-vilar-entrada.jpg","datePublished":"2021-02-01T16:27:09+00:00","dateModified":"2021-02-01T16:27:13+00:00","author":{"@id":"https:\/\/www.masvilar.cat\/#\/schema\/person\/cd4d13ded75fba48ad41f0e9c71f3155"},"breadcrumb":{"@id":"https:\/\/www.masvilar.cat\/fr\/bienvenue-au-mas-vilar\/#breadcrumb"},"inLanguage":"fr-FR","potentialAction":[{"@type":"ReadAction","target":["https:\/\/www.masvilar.cat\/fr\/bienvenue-au-mas-vilar\/"]}]},{"@type":"ImageObject","inLanguage":"fr-FR","@id":"https:\/\/www.masvilar.cat\/fr\/bienvenue-au-mas-vilar\/#primaryimage","url":"https:\/\/www.masvilar.cat\/wp-content\/uploads\/2020\/12\/mas-vilar-entrada.jpg","contentUrl":"https:\/\/www.masvilar.cat\/wp-content\/uploads\/2020\/12\/mas-vilar-entrada.jpg","width":1200,"height":788},{"@type":"BreadcrumbList","@id":"https:\/\/www.masvilar.cat\/fr\/bienvenue-au-mas-vilar\/#breadcrumb","itemListElement":[{"@type":"ListItem","position":1,"name":"Inici","item":"https:\/\/www.masvilar.cat\/fr\/"},{"@type":"ListItem","position":2,"name":"Bienvenue au Mas Vilar"}]},{"@type":"WebSite","@id":"https:\/\/www.masvilar.cat\/#website","url":"https:\/\/www.masvilar.cat\/","name":"Mas Vilar","description":"Turisme Rural al Montseny","potentialAction":[{"@type":"SearchAction","target":{"@type":"EntryPoint","urlTemplate":"https:\/\/www.masvilar.cat\/?s={search_term_string}"},"query-input":{"@type":"PropertyValueSpecification","valueRequired":true,"valueName":"search_term_string"}}],"inLanguage":"fr-FR"},{"@type":"Person","@id":"https:\/\/www.masvilar.cat\/#\/schema\/person\/cd4d13ded75fba48ad41f0e9c71f3155","name":"weareonfaya","url":"https:\/\/www.masvilar.cat\/fr\/author\/onfayapr\/"}]}},"_links":{"self":[{"href":"https:\/\/www.masvilar.cat\/fr\/wp-json\/wp\/v2\/posts\/5353","targetHints":{"allow":["GET"]}}],"collection":[{"href":"https:\/\/www.masvilar.cat\/fr\/wp-json\/wp\/v2\/posts"}],"about":[{"href":"https:\/\/www.masvilar.cat\/fr\/wp-json\/wp\/v2\/types\/post"}],"author":[{"embeddable":true,"href":"https:\/\/www.masvilar.cat\/fr\/wp-json\/wp\/v2\/users\/1"}],"replies":[{"embeddable":true,"href":"https:\/\/www.masvilar.cat\/fr\/wp-json\/wp\/v2\/comments?post=5353"}],"version-history":[{"count":3,"href":"https:\/\/www.masvilar.cat\/fr\/wp-json\/wp\/v2\/posts\/5353\/revisions"}],"predecessor-version":[{"id":5357,"href":"https:\/\/www.masvilar.cat\/fr\/wp-json\/wp\/v2\/posts\/5353\/revisions\/5357"}],"wp:featuredmedia":[{"embeddable":true,"href":"https:\/\/www.masvilar.cat\/fr\/wp-json\/wp\/v2\/media\/5354"}],"wp:attachment":[{"href":"https:\/\/www.masvilar.cat\/fr\/wp-json\/wp\/v2\/media?parent=5353"}],"wp:term":[{"taxonomy":"category","embeddable":true,"href":"https:\/\/www.masvilar.cat\/fr\/wp-json\/wp\/v2\/categories?post=5353"},{"taxonomy":"post_tag","embeddable":true,"href":"https:\/\/www.masvilar.cat\/fr\/wp-json\/wp\/v2\/tags?post=5353"}],"curies":[{"name":"wp","href":"https:\/\/api.w.org\/{rel}","templated":true}]}}