{"id":8006,"date":"2024-04-28T13:39:40","date_gmt":"2024-04-28T13:39:40","guid":{"rendered":"https:\/\/www.masvilar.cat\/calcotada-al-montseny-en-nuestra-casa-rural\/"},"modified":"2025-01-22T11:40:53","modified_gmt":"2025-01-22T11:40:53","slug":"calcotadas-en-el-montseny-en-nuestra-casa-rural","status":"publish","type":"post","link":"https:\/\/www.masvilar.cat\/es\/calcotadas-en-el-montseny-en-nuestra-casa-rural\/","title":{"rendered":"Ven a la cal\u00e7otada en el Montseny en nuestra casa rural"},"content":{"rendered":"<p>[et_pb_section fb_built=\u00bb1&#8243; admin_label=\u00bbsection\u00bb _builder_version=\u00bb4.25.0&#8243; custom_padding=\u00bb53px|||||\u00bb global_colors_info=\u00bb{}\u00bb][et_pb_row _builder_version=\u00bb4.25.0&#8243; _module_preset=\u00bbdefault\u00bb global_colors_info=\u00bb{}\u00bb][et_pb_column type=\u00bb4_4&#8243; _builder_version=\u00bb4.25.0&#8243; _module_preset=\u00bbdefault\u00bb global_colors_info=\u00bb{}\u00bb][et_pb_image src=\u00bbhttps:\/\/www.masvilar.cat\/wp-content\/uploads\/2024\/04\/Calcotada-en-la-casa-rural-de-Mas-Vilar-en-el-Montseny.jpeg\u00bb alt=\u00bbCal\u00e7otada en la casa rural de Mas Vilar en el Montseny\u00bb title_text=\u00bbCal\u00e7otada en la casa rural de Mas Vilar en el Montseny\u00bb show_in_lightbox=\u00bbon\u00bb _builder_version=\u00bb4.25.0&#8243; _module_preset=\u00bbdefault\u00bb width=\u00bb45%\u00bb width_tablet=\u00bb45%\u00bb width_phone=\u00bb100%\u00bb width_last_edited=\u00bbon|desktop\u00bb module_alignment=\u00bbcenter\u00bb global_colors_info=\u00bb{}\u00bb][\/et_pb_image][\/et_pb_column][\/et_pb_row][et_pb_row admin_label=\u00bbrow\u00bb _builder_version=\u00bb4.25.0&#8243; background_size=\u00bbinitial\u00bb background_position=\u00bbtop_left\u00bb background_repeat=\u00bbrepeat\u00bb width=\u00bb100%\u00bb module_alignment=\u00bbleft\u00bb custom_margin=\u00bb|auto||131px||\u00bb custom_padding=\u00bb|||0px||\u00bb global_colors_info=\u00bb{}\u00bb][et_pb_column type=\u00bb4_4&#8243; _builder_version=\u00bb4.16&#8243; custom_padding=\u00bb|||\u00bb global_colors_info=\u00bb{}\u00bb custom_padding__hover=\u00bb|||\u00bb][et_pb_text _builder_version=\u00bb4.27.4&#8243; _module_preset=\u00bbdefault\u00bb hover_enabled=\u00bb0&#8243; global_colors_info=\u00bb{}\u00bb sticky_enabled=\u00bb0&#8243;]<\/p>\n<h2>Temporada de Cal\u00e7ots &#8211; <span>10a Temporada de Cal\u00e7ots!<\/span><\/h2>\n<p>La temporada de Cal\u00e7ots ya empieza un a\u00f1o m\u00e1s y como no pod\u00eda ser de otra forma, en Mas Vilar, estamos preparados para mojar cal\u00e7ots y disfrutar de una buena comida con producto local.<\/p>\n<p>Per fer \u201cla Cal\u00e7otada al Montseny\u201d qu\u00e8 millor que comprar a @verdures_felices. Situados en Arb\u00facies nos ofrecen cada a\u00f1o unos cal\u00e7ots ecol\u00f3gicos y sabrosos acompa\u00f1ados de la buen\u00edsima salsa que hacemos nosotros, que no querr\u00e1s que acabe.<\/p>\n<p>El cordero tan tierno de @canrinsa y las buenas butifarras de las carnicer\u00edas de nuestros alrededores con un buen alioli, no te las puedes perder.<\/p>\n<p>Para quien prefiera una opci\u00f3n vegetariana, no sufra\u2026 \u00bfqu\u00e9 tal una butifarra de seit\u00e1n artesano o hamburguesa vegana de nuestro comercio local @la.veganeria.montseny?<\/p>\n<p>Bien, despu\u00e9s de haceros la boca agua les explicamos las propuestas para los pr\u00f3ximos fines de semana de Febrero y Marzo en Mas Vilar.<\/p>\n<h3>Pack Pitet<\/h3>\n<p>2 nits amb esmorzar + cal\u00e7otada: 158\u20ac\/adult<\/p>\n<h3>Pack Cal\u00e7ot<\/h3>\n<p>1 noche con pensi\u00f3n completa + cal\u00e7otada: 143\u20ac\/adulto<\/p>\n<h3>Pack Salvitxada ( nombre de la salsa de cal\u00e7ots)<\/h3>\n<p>1 noche con media pensi\u00f3n + cal\u00e7otada: 121\u20ac<\/p>\n<p>Habitualmente \u00ablas cal\u00e7otadas en el montseny\u00bb las hacemos los domingos. <span>Pero podemos hablar de hacerlo el s\u00e1bado. <\/span><\/p>\n<p>Siempre se pueden a\u00f1adir comidas extra. Cons\u00faltenos.<\/p>\n<p><strong>Todos los precios incluyen IVA. No incluye la tasa tur\u00edstica 0,66\u20ac\/persona y noche<\/strong><\/p>\n<h3 style=\"text-align: center;\">Men\u00fa cal\u00e7otada en el Montseny<\/h3>\n<p style=\"text-align: center;\">Primer plato<\/p>\n<p style=\"text-align: center;\">Cal\u00e7ots eco con salsa casera<\/p>\n<p style=\"text-align: center;\">Segundo plato<\/p>\n<p style=\"text-align: center;\">Cordero y bute con alioli<\/p>\n<p style=\"text-align: center;\">Jud\u00edas secas salteadas con hierbitas.<\/p>\n<p style=\"text-align: center;\">y para digerir&#8230;<\/p>\n<p style=\"text-align: center;\">Naranja con az\u00facar moreno y canela<\/p>\n<p style=\"text-align: center;\">Postres<\/p>\n<p style=\"text-align: center;\">Crema catalana casera<\/p>\n<p>Incluye vino, agua y pan y 2 lonchas de cordero (muslo y costilla) + butifarra de pay\u00e9s y tinto.<\/p>\n<p>Si se desea cortes extras, ning\u00fan problema, el suplemento es de 3\u20ac\/dos unidades<\/p>\n<p>Consultar participaci\u00f3n m\u00ednima o empresas.<\/p>\n<p>Puedes saber m\u00e1s de nuestra cocina en <a href=\"https:\/\/www.masvilar.cat\/es\/nuestra-cocina\/\">\u201cNuestra cocina\u201c<\/a><\/p>\n<p>Ven a Disfrutar de las mejores cal\u00e7otadas del Montseny en la casa rural de Mas Vilar. Os esperamos!<\/p>\n<p>[\/et_pb_text][\/et_pb_column][\/et_pb_row][et_pb_row _builder_version=\u00bb4.25.0&#8243; _module_preset=\u00bbdefault\u00bb global_colors_info=\u00bb{}\u00bb][et_pb_column type=\u00bb4_4&#8243; _builder_version=\u00bb4.25.0&#8243; _module_preset=\u00bbdefault\u00bb global_colors_info=\u00bb{}\u00bb][et_pb_image src=\u00bbhttps:\/\/www.masvilar.cat\/wp-content\/uploads\/2024\/04\/Calcotada-en-el-Montseny-cerca-de-Barcelona.jpeg\u00bb alt=\u00bbCal\u00e7otada en el Montseny cerca de Barcelona\u00bb title_text=\u00bbCal\u00e7otada en el Montseny cerca de Barcelona\u00bb show_in_lightbox=\u00bbon\u00bb _builder_version=\u00bb4.25.0&#8243; _module_preset=\u00bbdefault\u00bb max_width=\u00bb45%\u00bb max_width_tablet=\u00bb45%\u00bb max_width_phone=\u00bb100%\u00bb max_width_last_edited=\u00bbon|phone\u00bb module_alignment=\u00bbcenter\u00bb global_colors_info=\u00bb{}\u00bb][\/et_pb_image][\/et_pb_column][\/et_pb_row][et_pb_row _builder_version=\u00bb4.25.0&#8243; _module_preset=\u00bbdefault\u00bb global_colors_info=\u00bb{}\u00bb][et_pb_column type=\u00bb4_4&#8243; _builder_version=\u00bb4.25.0&#8243; _module_preset=\u00bbdefault\u00bb global_colors_info=\u00bb{}\u00bb][et_pb_text _builder_version=\u00bb4.25.0&#8243; _module_preset=\u00bbdefault\u00bb global_colors_info=\u00bb{}\u00bb]<\/p>\n<h2>Razones para hacer una cal\u00e7otada a la casa rural Mas Vilar<\/h2>\n<p><strong>Ambiente Natural y Tranquilidad<\/strong>: Mas Vilar se encuentra en el entorno del Parque Natural del Montseny, ofreciendo un ambiente natural y tranquilo ideal para disfrutar de una cal\u00e7otada. Estar\u00e1s rodeado de naturaleza, lejos del ajetreo de la ciudad, lo que permite una experiencia relajante y rejuvenecedora.<\/p>\n<p><strong>Autenticidad Catalana:<\/strong> La casa rural Mas Vilar le ofrece una aut\u00e9ntica experiencia catalana. La regi\u00f3n de Catalu\u00f1a es conocida por las cal\u00e7otades tradicionales, y en Mas Vilar podr\u00e1s disfrutar de esta especialidad culinaria en un entorno aut\u00e9ntico y acogedor.<\/p>\n<p><strong>Calidad de los Productos: <\/strong> Mas Vilar se enorgullece de utilizar ingredientes locales y de temporada. Los cal\u00e7ots que disfrutar\u00e1s en su cal\u00e7otada son frescos y de alta calidad, cultivados en la regi\u00f3n y preparados cuidadosamente para garantizar el m\u00e1ximo sabor y textura.<\/p>\n<p><strong>Hospitalidad y Servicio Personalizado:<\/strong> En Mas Vilar, recibir\u00e1s una c\u00e1lida hospitalidad y un servicio personalizado. El equipo se esfuerza por hacer que tu experiencia sea inolvidable, cuidando cada detalle para que te sientas como en casa durante tu estancia.<\/p>\n<p><strong>Actividades complementarias:<\/strong> Adem\u00e1s de la cal\u00e7otada, Mas Vilar ofrece diversas actividades y excursiones en el Montseny. Puedes aprovechar para realizar senderismo, pasear por los bosques o visitar lugares de inter\u00e9s cercanos, lo que convierte tu visita en una experiencia completa.<\/p>\n<h2>Los cal\u00e7ots: Una Delicia Catalana para Disfrutar en Temporada<\/h2>\n<p>Los cal\u00e7ots son un tesoro culinario de la regi\u00f3n de Catalu\u00f1a, Espa\u00f1a, que deleita a locales y visitantes por igual durante la temporada de invierno y primavera. Estos tiernos brotes de cebolla se han convertido en un s\u00edmbolo de la gastronom\u00eda catalana, especialmente celebrados en las tradicionales cal\u00e7otadas, reuniones festivas en las que se disfruta de esta deliciosa especialidad.<\/p>\n<h4>Origen y Cultivo de los Cal\u00e7ots<\/h4>\n<p>Los cal\u00e7ots tienen su origen en la zona de Tarragona y Valls, en Catalu\u00f1a. Se cultivan especialmente entre noviembre y abril, cuando las condiciones clim\u00e1ticas favorecen su desarrollo. La particularidad de los cal\u00e7ots radica en su m\u00e9todo de cultivo: las cebollas se plantan en surcos profundos y, a medida que crecen, se van cubriendo con el suelo para blanquear los tallos. Este proceso de calzar (cubrir con suelo) favorece el alargamiento y la suavidad de los brotes.<\/p>\n<h4>Caracter\u00edsticas y preparaci\u00f3n<\/h4>\n<p>Los cal\u00e7ots son brotes tiernos de cebolla dulce, con un sabor suave y ligeramente dulce. Su textura es tierna y jugosa, ideal para asar a la parrilla hasta que la parte exterior se carbonice ligeramente, creando un contraste delicioso con el interior suave y dulce.<\/p>\n<p>Para preparar los cal\u00e7ots se cortan las ra\u00edces y se eliminan las capas externas m\u00e1s duras. Despu\u00e9s, se asan a la parrilla oa la brasa hasta que est\u00e9n tiernas y la parte exterior est\u00e9 bien dorada. Una vez cocidos, se sirven en una teja o en una teja con tomate<\/p>\n<p>[\/et_pb_text][\/et_pb_column][\/et_pb_row][\/et_pb_section]<\/p>\n","protected":false},"excerpt":{"rendered":"<p>Temporada de Cal\u00e7ots &#8211; 10a Temporada de Cal\u00e7ots! La temporada de Cal\u00e7ots ya empieza un a\u00f1o m\u00e1s y como no pod\u00eda ser de otra forma, en Mas Vilar, estamos preparados para mojar cal\u00e7ots y disfrutar de una buena comida con producto local. Per fer \u201cla Cal\u00e7otada al Montseny\u201d qu\u00e8 millor que comprar a @verdures_felices. Situados [&hellip;]<\/p>\n","protected":false},"author":5,"featured_media":7996,"comment_status":"closed","ping_status":"closed","sticky":false,"template":"","format":"standard","meta":{"_et_pb_use_builder":"on","_et_pb_old_content":"","_et_gb_content_width":"","footnotes":""},"categories":[61],"tags":[72,69,58],"class_list":["post-8006","post","type-post","status-publish","format-standard","has-post-thumbnail","hentry","category-calcotada-es","tag-calcotada-es","tag-casa-rural-es","tag-montseny-es"],"yoast_head":"<!-- This site is optimized with the Yoast SEO plugin v27.3 - https:\/\/yoast.com\/product\/yoast-seo-wordpress\/ -->\n<title>Ven a la cal\u00e7otada en el Montseny en nuestra casa rural - Mas Vilar<\/title>\n<meta name=\"description\" content=\"Disfruta de una aut\u00e9ntica cal\u00e7otada en Mas Vilar en el Montseny, rodeada de naturaleza y con ingredientes locales de alta calidad.\" \/>\n<meta name=\"robots\" content=\"index, follow, max-snippet:-1, max-image-preview:large, max-video-preview:-1\" \/>\n<link rel=\"canonical\" href=\"https:\/\/www.masvilar.cat\/es\/calcotadas-en-el-montseny-en-nuestra-casa-rural\/\" \/>\n<meta property=\"og:locale\" content=\"es_ES\" \/>\n<meta property=\"og:type\" content=\"article\" \/>\n<meta property=\"og:title\" content=\"Ven a la cal\u00e7otada en el Montseny en nuestra casa rural - Mas Vilar\" \/>\n<meta property=\"og:description\" content=\"Disfruta de una aut\u00e9ntica cal\u00e7otada en Mas Vilar en el Montseny, rodeada de naturaleza y con ingredientes locales de alta calidad.\" \/>\n<meta property=\"og:url\" content=\"https:\/\/www.masvilar.cat\/es\/calcotadas-en-el-montseny-en-nuestra-casa-rural\/\" \/>\n<meta property=\"og:site_name\" content=\"Mas Vilar\" \/>\n<meta property=\"article:published_time\" content=\"2024-04-28T13:39:40+00:00\" \/>\n<meta property=\"article:modified_time\" content=\"2025-01-22T11:40:53+00:00\" \/>\n<meta property=\"og:image\" content=\"https:\/\/www.masvilar.cat\/wp-content\/uploads\/2024\/04\/Calcotada-en-el-Montseny-cerca-de-Barcelona.jpeg\" \/>\n\t<meta property=\"og:image:width\" content=\"1080\" \/>\n\t<meta property=\"og:image:height\" content=\"1080\" \/>\n\t<meta property=\"og:image:type\" content=\"image\/jpeg\" \/>\n<meta name=\"author\" content=\"adM_m4svil4r\" \/>\n<meta name=\"twitter:card\" content=\"summary_large_image\" \/>\n<meta name=\"twitter:label1\" content=\"Escrito por\" \/>\n\t<meta name=\"twitter:data1\" content=\"adM_m4svil4r\" \/>\n\t<meta name=\"twitter:label2\" content=\"Tiempo de lectura\" \/>\n\t<meta name=\"twitter:data2\" content=\"6 minutos\" \/>\n<script type=\"application\/ld+json\" class=\"yoast-schema-graph\">{\"@context\":\"https:\\\/\\\/schema.org\",\"@graph\":[{\"@type\":\"Article\",\"@id\":\"https:\\\/\\\/www.masvilar.cat\\\/es\\\/calcotadas-en-el-montseny-en-nuestra-casa-rural\\\/#article\",\"isPartOf\":{\"@id\":\"https:\\\/\\\/www.masvilar.cat\\\/es\\\/calcotadas-en-el-montseny-en-nuestra-casa-rural\\\/\"},\"author\":{\"name\":\"adM_m4svil4r\",\"@id\":\"https:\\\/\\\/www.masvilar.cat\\\/#\\\/schema\\\/person\\\/f39aeaa58371efc61857ccc94e3321b6\"},\"headline\":\"Ven a la cal\u00e7otada en el Montseny en nuestra casa rural\",\"datePublished\":\"2024-04-28T13:39:40+00:00\",\"dateModified\":\"2025-01-22T11:40:53+00:00\",\"mainEntityOfPage\":{\"@id\":\"https:\\\/\\\/www.masvilar.cat\\\/es\\\/calcotadas-en-el-montseny-en-nuestra-casa-rural\\\/\"},\"wordCount\":1199,\"image\":{\"@id\":\"https:\\\/\\\/www.masvilar.cat\\\/es\\\/calcotadas-en-el-montseny-en-nuestra-casa-rural\\\/#primaryimage\"},\"thumbnailUrl\":\"https:\\\/\\\/www.masvilar.cat\\\/wp-content\\\/uploads\\\/2024\\\/04\\\/Calcotada-en-el-Montseny-cerca-de-Barcelona.jpeg\",\"keywords\":[\"cal\u00e7otada\",\"casa rural\",\"montseny\"],\"articleSection\":[\"La cal\u00e7otada\"],\"inLanguage\":\"es\"},{\"@type\":\"WebPage\",\"@id\":\"https:\\\/\\\/www.masvilar.cat\\\/es\\\/calcotadas-en-el-montseny-en-nuestra-casa-rural\\\/\",\"url\":\"https:\\\/\\\/www.masvilar.cat\\\/es\\\/calcotadas-en-el-montseny-en-nuestra-casa-rural\\\/\",\"name\":\"Ven a la cal\u00e7otada en el Montseny en nuestra casa rural - Mas Vilar\",\"isPartOf\":{\"@id\":\"https:\\\/\\\/www.masvilar.cat\\\/#website\"},\"primaryImageOfPage\":{\"@id\":\"https:\\\/\\\/www.masvilar.cat\\\/es\\\/calcotadas-en-el-montseny-en-nuestra-casa-rural\\\/#primaryimage\"},\"image\":{\"@id\":\"https:\\\/\\\/www.masvilar.cat\\\/es\\\/calcotadas-en-el-montseny-en-nuestra-casa-rural\\\/#primaryimage\"},\"thumbnailUrl\":\"https:\\\/\\\/www.masvilar.cat\\\/wp-content\\\/uploads\\\/2024\\\/04\\\/Calcotada-en-el-Montseny-cerca-de-Barcelona.jpeg\",\"datePublished\":\"2024-04-28T13:39:40+00:00\",\"dateModified\":\"2025-01-22T11:40:53+00:00\",\"author\":{\"@id\":\"https:\\\/\\\/www.masvilar.cat\\\/#\\\/schema\\\/person\\\/f39aeaa58371efc61857ccc94e3321b6\"},\"description\":\"Disfruta de una aut\u00e9ntica cal\u00e7otada en Mas Vilar en el Montseny, rodeada de naturaleza y con ingredientes locales de alta calidad.\",\"breadcrumb\":{\"@id\":\"https:\\\/\\\/www.masvilar.cat\\\/es\\\/calcotadas-en-el-montseny-en-nuestra-casa-rural\\\/#breadcrumb\"},\"inLanguage\":\"es\",\"potentialAction\":[{\"@type\":\"ReadAction\",\"target\":[\"https:\\\/\\\/www.masvilar.cat\\\/es\\\/calcotadas-en-el-montseny-en-nuestra-casa-rural\\\/\"]}]},{\"@type\":\"ImageObject\",\"inLanguage\":\"es\",\"@id\":\"https:\\\/\\\/www.masvilar.cat\\\/es\\\/calcotadas-en-el-montseny-en-nuestra-casa-rural\\\/#primaryimage\",\"url\":\"https:\\\/\\\/www.masvilar.cat\\\/wp-content\\\/uploads\\\/2024\\\/04\\\/Calcotada-en-el-Montseny-cerca-de-Barcelona.jpeg\",\"contentUrl\":\"https:\\\/\\\/www.masvilar.cat\\\/wp-content\\\/uploads\\\/2024\\\/04\\\/Calcotada-en-el-Montseny-cerca-de-Barcelona.jpeg\",\"width\":1080,\"height\":1080,\"caption\":\"Cal\u00e7otada en el Montseny cerca de Barcelona\"},{\"@type\":\"BreadcrumbList\",\"@id\":\"https:\\\/\\\/www.masvilar.cat\\\/es\\\/calcotadas-en-el-montseny-en-nuestra-casa-rural\\\/#breadcrumb\",\"itemListElement\":[{\"@type\":\"ListItem\",\"position\":1,\"name\":\"Inici\",\"item\":\"https:\\\/\\\/www.masvilar.cat\\\/es\\\/\"},{\"@type\":\"ListItem\",\"position\":2,\"name\":\"Ven a la cal\u00e7otada en el Montseny en nuestra casa rural\"}]},{\"@type\":\"WebSite\",\"@id\":\"https:\\\/\\\/www.masvilar.cat\\\/#website\",\"url\":\"https:\\\/\\\/www.masvilar.cat\\\/\",\"name\":\"Mas Vilar\",\"description\":\"Turisme Rural al Montseny\",\"potentialAction\":[{\"@type\":\"SearchAction\",\"target\":{\"@type\":\"EntryPoint\",\"urlTemplate\":\"https:\\\/\\\/www.masvilar.cat\\\/?s={search_term_string}\"},\"query-input\":{\"@type\":\"PropertyValueSpecification\",\"valueRequired\":true,\"valueName\":\"search_term_string\"}}],\"inLanguage\":\"es\"},{\"@type\":\"Person\",\"@id\":\"https:\\\/\\\/www.masvilar.cat\\\/#\\\/schema\\\/person\\\/f39aeaa58371efc61857ccc94e3321b6\",\"name\":\"adM_m4svil4r\",\"url\":\"https:\\\/\\\/www.masvilar.cat\\\/es\\\/author\\\/adm_m4svil4r\\\/\"}]}<\/script>\n<!-- \/ Yoast SEO plugin. -->","yoast_head_json":{"title":"Ven a la cal\u00e7otada en el Montseny en nuestra casa rural - Mas Vilar","description":"Disfruta de una aut\u00e9ntica cal\u00e7otada en Mas Vilar en el Montseny, rodeada de naturaleza y con ingredientes locales de alta calidad.","robots":{"index":"index","follow":"follow","max-snippet":"max-snippet:-1","max-image-preview":"max-image-preview:large","max-video-preview":"max-video-preview:-1"},"canonical":"https:\/\/www.masvilar.cat\/es\/calcotadas-en-el-montseny-en-nuestra-casa-rural\/","og_locale":"es_ES","og_type":"article","og_title":"Ven a la cal\u00e7otada en el Montseny en nuestra casa rural - Mas Vilar","og_description":"Disfruta de una aut\u00e9ntica cal\u00e7otada en Mas Vilar en el Montseny, rodeada de naturaleza y con ingredientes locales de alta calidad.","og_url":"https:\/\/www.masvilar.cat\/es\/calcotadas-en-el-montseny-en-nuestra-casa-rural\/","og_site_name":"Mas Vilar","article_published_time":"2024-04-28T13:39:40+00:00","article_modified_time":"2025-01-22T11:40:53+00:00","og_image":[{"width":1080,"height":1080,"url":"https:\/\/www.masvilar.cat\/wp-content\/uploads\/2024\/04\/Calcotada-en-el-Montseny-cerca-de-Barcelona.jpeg","type":"image\/jpeg"}],"author":"adM_m4svil4r","twitter_card":"summary_large_image","twitter_misc":{"Escrito por":"adM_m4svil4r","Tiempo de lectura":"6 minutos"},"schema":{"@context":"https:\/\/schema.org","@graph":[{"@type":"Article","@id":"https:\/\/www.masvilar.cat\/es\/calcotadas-en-el-montseny-en-nuestra-casa-rural\/#article","isPartOf":{"@id":"https:\/\/www.masvilar.cat\/es\/calcotadas-en-el-montseny-en-nuestra-casa-rural\/"},"author":{"name":"adM_m4svil4r","@id":"https:\/\/www.masvilar.cat\/#\/schema\/person\/f39aeaa58371efc61857ccc94e3321b6"},"headline":"Ven a la cal\u00e7otada en el Montseny en nuestra casa rural","datePublished":"2024-04-28T13:39:40+00:00","dateModified":"2025-01-22T11:40:53+00:00","mainEntityOfPage":{"@id":"https:\/\/www.masvilar.cat\/es\/calcotadas-en-el-montseny-en-nuestra-casa-rural\/"},"wordCount":1199,"image":{"@id":"https:\/\/www.masvilar.cat\/es\/calcotadas-en-el-montseny-en-nuestra-casa-rural\/#primaryimage"},"thumbnailUrl":"https:\/\/www.masvilar.cat\/wp-content\/uploads\/2024\/04\/Calcotada-en-el-Montseny-cerca-de-Barcelona.jpeg","keywords":["cal\u00e7otada","casa rural","montseny"],"articleSection":["La cal\u00e7otada"],"inLanguage":"es"},{"@type":"WebPage","@id":"https:\/\/www.masvilar.cat\/es\/calcotadas-en-el-montseny-en-nuestra-casa-rural\/","url":"https:\/\/www.masvilar.cat\/es\/calcotadas-en-el-montseny-en-nuestra-casa-rural\/","name":"Ven a la cal\u00e7otada en el Montseny en nuestra casa rural - Mas Vilar","isPartOf":{"@id":"https:\/\/www.masvilar.cat\/#website"},"primaryImageOfPage":{"@id":"https:\/\/www.masvilar.cat\/es\/calcotadas-en-el-montseny-en-nuestra-casa-rural\/#primaryimage"},"image":{"@id":"https:\/\/www.masvilar.cat\/es\/calcotadas-en-el-montseny-en-nuestra-casa-rural\/#primaryimage"},"thumbnailUrl":"https:\/\/www.masvilar.cat\/wp-content\/uploads\/2024\/04\/Calcotada-en-el-Montseny-cerca-de-Barcelona.jpeg","datePublished":"2024-04-28T13:39:40+00:00","dateModified":"2025-01-22T11:40:53+00:00","author":{"@id":"https:\/\/www.masvilar.cat\/#\/schema\/person\/f39aeaa58371efc61857ccc94e3321b6"},"description":"Disfruta de una aut\u00e9ntica cal\u00e7otada en Mas Vilar en el Montseny, rodeada de naturaleza y con ingredientes locales de alta calidad.","breadcrumb":{"@id":"https:\/\/www.masvilar.cat\/es\/calcotadas-en-el-montseny-en-nuestra-casa-rural\/#breadcrumb"},"inLanguage":"es","potentialAction":[{"@type":"ReadAction","target":["https:\/\/www.masvilar.cat\/es\/calcotadas-en-el-montseny-en-nuestra-casa-rural\/"]}]},{"@type":"ImageObject","inLanguage":"es","@id":"https:\/\/www.masvilar.cat\/es\/calcotadas-en-el-montseny-en-nuestra-casa-rural\/#primaryimage","url":"https:\/\/www.masvilar.cat\/wp-content\/uploads\/2024\/04\/Calcotada-en-el-Montseny-cerca-de-Barcelona.jpeg","contentUrl":"https:\/\/www.masvilar.cat\/wp-content\/uploads\/2024\/04\/Calcotada-en-el-Montseny-cerca-de-Barcelona.jpeg","width":1080,"height":1080,"caption":"Cal\u00e7otada en el Montseny cerca de Barcelona"},{"@type":"BreadcrumbList","@id":"https:\/\/www.masvilar.cat\/es\/calcotadas-en-el-montseny-en-nuestra-casa-rural\/#breadcrumb","itemListElement":[{"@type":"ListItem","position":1,"name":"Inici","item":"https:\/\/www.masvilar.cat\/es\/"},{"@type":"ListItem","position":2,"name":"Ven a la cal\u00e7otada en el Montseny en nuestra casa rural"}]},{"@type":"WebSite","@id":"https:\/\/www.masvilar.cat\/#website","url":"https:\/\/www.masvilar.cat\/","name":"Mas Vilar","description":"Turisme Rural al Montseny","potentialAction":[{"@type":"SearchAction","target":{"@type":"EntryPoint","urlTemplate":"https:\/\/www.masvilar.cat\/?s={search_term_string}"},"query-input":{"@type":"PropertyValueSpecification","valueRequired":true,"valueName":"search_term_string"}}],"inLanguage":"es"},{"@type":"Person","@id":"https:\/\/www.masvilar.cat\/#\/schema\/person\/f39aeaa58371efc61857ccc94e3321b6","name":"adM_m4svil4r","url":"https:\/\/www.masvilar.cat\/es\/author\/adm_m4svil4r\/"}]}},"_links":{"self":[{"href":"https:\/\/www.masvilar.cat\/es\/wp-json\/wp\/v2\/posts\/8006","targetHints":{"allow":["GET"]}}],"collection":[{"href":"https:\/\/www.masvilar.cat\/es\/wp-json\/wp\/v2\/posts"}],"about":[{"href":"https:\/\/www.masvilar.cat\/es\/wp-json\/wp\/v2\/types\/post"}],"author":[{"embeddable":true,"href":"https:\/\/www.masvilar.cat\/es\/wp-json\/wp\/v2\/users\/5"}],"replies":[{"embeddable":true,"href":"https:\/\/www.masvilar.cat\/es\/wp-json\/wp\/v2\/comments?post=8006"}],"version-history":[{"count":50,"href":"https:\/\/www.masvilar.cat\/es\/wp-json\/wp\/v2\/posts\/8006\/revisions"}],"predecessor-version":[{"id":8525,"href":"https:\/\/www.masvilar.cat\/es\/wp-json\/wp\/v2\/posts\/8006\/revisions\/8525"}],"wp:featuredmedia":[{"embeddable":true,"href":"https:\/\/www.masvilar.cat\/es\/wp-json\/wp\/v2\/media\/7996"}],"wp:attachment":[{"href":"https:\/\/www.masvilar.cat\/es\/wp-json\/wp\/v2\/media?parent=8006"}],"wp:term":[{"taxonomy":"category","embeddable":true,"href":"https:\/\/www.masvilar.cat\/es\/wp-json\/wp\/v2\/categories?post=8006"},{"taxonomy":"post_tag","embeddable":true,"href":"https:\/\/www.masvilar.cat\/es\/wp-json\/wp\/v2\/tags?post=8006"}],"curies":[{"name":"wp","href":"https:\/\/api.w.org\/{rel}","templated":true}]}}