{"id":7319,"date":"2022-03-11T16:51:23","date_gmt":"2022-03-11T16:51:23","guid":{"rendered":"https:\/\/www.masvilar.cat\/conecta-con-tu-bienestar-en-la-casa-rural-de-mas-vilar-y-astara\/"},"modified":"2024-07-01T10:06:15","modified_gmt":"2024-07-01T10:06:15","slug":"retiros-el-sitio-ideal-mas-vilar-en-el-montseny","status":"publish","type":"post","link":"https:\/\/www.masvilar.cat\/es\/retiros-el-sitio-ideal-mas-vilar-en-el-montseny\/","title":{"rendered":"Nuestra casa rural es el lugar id\u00f3neo para tu Retiro"},"content":{"rendered":"<p>[et_pb_section fb_built=\u00bb1&#8243; admin_label=\u00bbsection\u00bb _builder_version=\u00bb4.16&#8243; custom_padding=\u00bb53px|||||\u00bb global_colors_info=\u00bb{}\u00bb theme_builder_area=\u00bbpost_content\u00bb][et_pb_row admin_label=\u00bbrow\u00bb _builder_version=\u00bb4.25.0&#8243; background_size=\u00bbinitial\u00bb background_position=\u00bbtop_left\u00bb background_repeat=\u00bbrepeat\u00bb width=\u00bb100%\u00bb module_alignment=\u00bbcenter\u00bb custom_margin=\u00bb|auto||131px||\u00bb custom_padding=\u00bb|||0px||\u00bb global_colors_info=\u00bb{}\u00bb theme_builder_area=\u00bbpost_content\u00bb][et_pb_column type=\u00bb4_4&#8243; _builder_version=\u00bb4.16&#8243; custom_padding=\u00bb|||\u00bb global_colors_info=\u00bb{}\u00bb custom_padding__hover=\u00bb|||\u00bb theme_builder_area=\u00bbpost_content\u00bb][et_pb_text _builder_version=\u00bb4.25.0&#8243; _module_preset=\u00bbdefault\u00bb global_colors_info=\u00bb{}\u00bb theme_builder_area=\u00bbpost_content\u00bb]<\/p>\n<h2>Elegir casa rural para tu retiro<\/h2>\n<p>Sabemos que la b\u00fasqueda del espacio id\u00f3neo para organizar tu <strong>Retiro<\/strong> de yoga, meditaci\u00f3n, silencio, de cocina macrobi\u00f3tica, de fermentaci\u00f3n, de desarrollo personal, medicina<span> <\/span>ayurveda, hasta de manualidades o multidisciplinar, como formaciones o cursos tem\u00e1ticos en plena naturaleza, conlleva su tiempo y por eso os queremos dejar alguna informaci\u00f3n que os pueda ayudar a descubrir si Mas Vilar puede ser el lugar ideal para acoger vuestra propuesta personal y a vuestro grupo.<span> <\/span><\/p>\n<p>Desde que empezamos en Mas Vilar, despu\u00e9s de 13 a\u00f1os gestionando otra bonita casa, vimos inmediatamente que era un lugar de paz con muchas posibilidades a acoger <strong>retiros<\/strong>. Esta palabra abarca un amplio significado, ya que como comentamos anteriormente, hay una gran variedad de actividades que pueden caber en ella.<span> <\/span><br \/>Nuestra principal idea siempre fue la de recibir a grupos que deseen disfrutar de un espacio cuidado que se encuentra en pleno Parque Natural del Montseny, donde la naturaleza y el silencio los abraza para que cada uno pueda desarrollar su propuesta con respeto y coraz\u00f3n.<span> <\/span><\/p>\n<p>Siempre decimos que se trata de una colaboraci\u00f3n en la cual tambi\u00e9n somos felices de formar parte viendo c\u00f3mo las personas disfrutan de este entorno y de que todo lo que les podemos ofrecer, aportando tranquilidad en su objetivo de trabajo. Desde hace 3 a\u00f1os ya contamos con varias colaboraciones con profesionales independientes, empresas y asociaciones que han aportado valor al lugar.<span> <\/span><\/p>\n<h2>Porque nuestra casa rural de Mas Vilar es id\u00f3nea para hacer tu retiro<\/h2>\n<p>Mas Vilar cuenta con 6 habitaciones con varias distribuciones, todas ellas con ba\u00f1o completo privado. Unos bonitos espacios que adaptamos a vuestras necesidades para que vuestro retiro sea lo m\u00e1s c\u00f3modo y agradable. Y para que nos os teng\u00e1is que preocupar de nada m\u00e1s que de llevar a cabo y disfrutar de vuestras actividades, ofrecemos el servicio de desayuno, comida y cena. Nuestra cocina puede ser omn\u00edvora,<span> <\/span>flexiteriana, vegetariana o con algunas opciones veganas.<span> <\/span><\/p>\n<p>Entre nuestros espacios encontrar\u00e9is una parte interior con el comedor, donde servimos los desayunos y las comidas, la sala de trabajo\/yoga\/meditaci\u00f3n (di\u00e1fana o con posibles adaptaciones) y la sala de talleres. Debajo os dejamos algunas fotos en este mismo orden.<\/p>\n<p>[\/et_pb_text][\/et_pb_column][\/et_pb_row][et_pb_row _builder_version=\u00bb4.25.0&#8243; _module_preset=\u00bbdefault\u00bb global_colors_info=\u00bb{}\u00bb theme_builder_area=\u00bbpost_content\u00bb][et_pb_column type=\u00bb4_4&#8243; _builder_version=\u00bb4.25.0&#8243; _module_preset=\u00bbdefault\u00bb global_colors_info=\u00bb{}\u00bb theme_builder_area=\u00bbpost_content\u00bb][et_pb_gallery gallery_ids=\u00bb7895,7899,7903,7907&#8243; show_title_and_caption=\u00bboff\u00bb show_pagination=\u00bboff\u00bb _builder_version=\u00bb4.25.0&#8243; _module_preset=\u00bbdefault\u00bb global_colors_info=\u00bb{}\u00bb theme_builder_area=\u00bbpost_content\u00bb][\/et_pb_gallery][\/et_pb_column][\/et_pb_row][et_pb_row _builder_version=\u00bb4.25.0&#8243; _module_preset=\u00bbdefault\u00bb width=\u00bb100%\u00bb module_alignment=\u00bbcenter\u00bb global_colors_info=\u00bb{}\u00bb theme_builder_area=\u00bbpost_content\u00bb][et_pb_column type=\u00bb4_4&#8243; _builder_version=\u00bb4.25.0&#8243; _module_preset=\u00bbdefault\u00bb global_colors_info=\u00bb{}\u00bb theme_builder_area=\u00bbpost_content\u00bb][et_pb_text _builder_version=\u00bb4.25.0&#8243; _module_preset=\u00bbdefault\u00bb global_colors_info=\u00bb{}\u00bb theme_builder_area=\u00bbpost_content\u00bb]<\/p>\n<h3>El Exterior y cercan\u00edas de nuestra casa rural Mas Vilar<\/h3>\n<p>En el exterior, la piscina salina es el lugar de relax por excelencia pero tambi\u00e9n puede ser un espacio terap\u00e9utico en verano y en invierno. En verano con ba\u00f1os sonoros o masajes acu\u00e1ticos y en invierno con ba\u00f1os de agua fr\u00eda (cold<span> <\/span>therapy)<span> <\/span>que aportan serenidad y energ\u00eda.<span> <\/span><\/p>\n<p>Encontrar\u00e9is multitud de espacios ajardinados donde pod\u00e9is encontrar el lugar id\u00f3neo para aquella actividad que ten\u00e9is en mente. Las dos terrazas ofrecen tambi\u00e9n la oportunidad de disfrutar de la formaci\u00f3n\/charla\/talleres en el exterior c\u00f3modamente con la banda sonora m\u00e1s org\u00e1nica que los pajaritos nos regalan.<\/p>\n<p>Y qu\u00e9 decir de todos los alrededores de la finca\u2026? Tan solo con salir de la puerta, nos encontramos rodeados de una gran variedad de especies espectaculares, desde las preciosas encinas, casta\u00f1os, robles, cerezos salvajes, nogales, hayas, abetos, hasta<span> <\/span>sequoias<span> <\/span>que fueron plantadas por el antiguo propietario de la finca, que era silvicultor y plantaba semillas de \u00e1rboles de otros lugares del mundo a los que viajaba para conocer su adaptaci\u00f3n (hecho que actualmente no se permite en el Parque Natural). Por esta raz\u00f3n, actualmente disfrutamos de pasear por bosques tan especiales como los que tenemos aqu\u00ed.<span> <\/span><\/p>\n<p>Desde Mas Vilar pod\u00e9is realizar paseos, itinerarios o os podemos orientar para encontrar espacios en el bosque o el r\u00edo que os funcionen para vuestro trabajo en grupo<\/p>\n<h2>Qu\u00e9 deciros de los m\u00faltiples beneficios de estar en contacto con la naturaleza en tu retiro<\/h2>\n<p><strong>1.Reduce el estr\u00e9s:<\/strong> Pasar tiempo en espacios naturales, como bosques, ayuda a reducir los niveles de estr\u00e9s y ansiedad, aportando relax al sistema parasimp\u00e1tico. La naturaleza tiene un efecto calmante en el cuerpo y la mente.<br \/><strong>2.Mejora el estado de \u00e1nimo:<\/strong> Estar en contacto con la naturaleza se ha demostrado que aumenta los niveles de felicidad y mejora el estado de \u00e1nimo general. El entorno natural y las actividades al aire libre pueden aumentar la producci\u00f3n de<span> <\/span>endorfinas, hormonas asociadas a la sensaci\u00f3n de bienestar.<br \/><strong>3.Aumenta la creatividad:<\/strong> Estar rodeado de paisajes naturales y alejado del ruido y las distracciones de la vida cotidiana, puede estimular la creatividad y la capacidad de resolver problemas.<br \/><strong>4. Aumenta la concentraci\u00f3n:<\/strong> Estudios han demostrado que pasar tiempo al aire libre en un entorno natural puede mejorar la capacidad de atenci\u00f3n y concentraci\u00f3n.<span> <\/span><br \/><strong>5. Mejora la salud f\u00edsica:<\/strong> El contacto con la naturaleza fomenta la actividad f\u00edsica, lo cual tiene beneficios para la salud en general. Caminar, montar en bicicleta o simplemente pasar tiempo al aire libre ayuda a mantenerse activo y en forma.<br \/><strong>6. Fortalece el sistema inmunol\u00f3gico:<\/strong> Estar en contacto con la naturaleza y exponerse a la diversidad que contiene puede fortalecer el sistema inmunol\u00f3gico<span> <\/span><\/p>\n<p>Estas son solo algunas de las muchas razones por las que el contacto con la naturaleza es beneficioso. Adem\u00e1s, la conexi\u00f3n con el entorno natural puede fomentar un mayor respeto y conciencia sobre la importancia de proteger y conservar el medio ambiente, hecho en el que nos identificamos plenamente.<\/p>\n<p>[\/et_pb_text][\/et_pb_column][\/et_pb_row][\/et_pb_section]<\/p>\n","protected":false},"excerpt":{"rendered":"<p>Elegir casa rural para tu retiro Sabemos que la b\u00fasqueda del espacio id\u00f3neo para organizar tu Retiro de yoga, meditaci\u00f3n, silencio, de cocina macrobi\u00f3tica, de fermentaci\u00f3n, de desarrollo personal, medicina ayurveda, hasta de manualidades o multidisciplinar, como formaciones o cursos tem\u00e1ticos en plena naturaleza, conlleva su tiempo y por eso os queremos dejar alguna informaci\u00f3n [&hellip;]<\/p>\n","protected":false},"author":5,"featured_media":7903,"comment_status":"closed","ping_status":"open","sticky":false,"template":"","format":"standard","meta":{"_et_pb_use_builder":"on","_et_pb_old_content":"","_et_gb_content_width":"","footnotes":""},"categories":[67],"tags":[69,39,93,70,38,58,68,92,53],"class_list":["post-7319","post","type-post","status-publish","format-standard","has-post-thumbnail","hentry","category-retiro","tag-casa-rural-es","tag-coaching-es","tag-ioga-es-2","tag-mas-vilar-es","tag-mindfulness-es","tag-montseny-es","tag-primavera-es","tag-retir-es-2","tag-retiro-es-2"],"yoast_head":"<!-- This site is optimized with the Yoast SEO plugin v27.3 - https:\/\/yoast.com\/product\/yoast-seo-wordpress\/ -->\n<title>Nuestra casa rural es el lugar id\u00f3neo para tu Retiro<\/title>\n<meta name=\"description\" content=\"La casa rural de Mas Vilar en el Montseny es el lugar id\u00f3neo para hacer tu retiro, tenemos los mejores motivos para que nos elijas.\" \/>\n<meta name=\"robots\" content=\"index, follow, max-snippet:-1, max-image-preview:large, max-video-preview:-1\" \/>\n<link rel=\"canonical\" href=\"https:\/\/www.masvilar.cat\/es\/retiros-el-sitio-ideal-mas-vilar-en-el-montseny\/\" \/>\n<meta property=\"og:locale\" content=\"es_ES\" \/>\n<meta property=\"og:type\" content=\"article\" \/>\n<meta property=\"og:title\" content=\"Nuestra casa rural es el lugar id\u00f3neo para tu Retiro\" \/>\n<meta property=\"og:description\" content=\"La casa rural de Mas Vilar en el Montseny es el lugar id\u00f3neo para hacer tu retiro, tenemos los mejores motivos para que nos elijas.\" \/>\n<meta property=\"og:url\" content=\"https:\/\/www.masvilar.cat\/es\/retiros-el-sitio-ideal-mas-vilar-en-el-montseny\/\" \/>\n<meta property=\"og:site_name\" content=\"Mas Vilar\" \/>\n<meta property=\"article:published_time\" content=\"2022-03-11T16:51:23+00:00\" \/>\n<meta property=\"article:modified_time\" content=\"2024-07-01T10:06:15+00:00\" \/>\n<meta property=\"og:image\" content=\"https:\/\/www.masvilar.cat\/wp-content\/uploads\/2024\/04\/Sala-ioga.jpeg\" \/>\n\t<meta property=\"og:image:width\" content=\"1280\" \/>\n\t<meta property=\"og:image:height\" content=\"960\" \/>\n\t<meta property=\"og:image:type\" content=\"image\/jpeg\" \/>\n<meta name=\"author\" content=\"adM_m4svil4r\" \/>\n<meta name=\"twitter:card\" content=\"summary_large_image\" \/>\n<meta name=\"twitter:label1\" content=\"Escrito por\" \/>\n\t<meta name=\"twitter:data1\" content=\"adM_m4svil4r\" \/>\n\t<meta name=\"twitter:label2\" content=\"Tiempo de lectura\" \/>\n\t<meta name=\"twitter:data2\" content=\"6 minutos\" \/>\n<script type=\"application\/ld+json\" class=\"yoast-schema-graph\">{\"@context\":\"https:\\\/\\\/schema.org\",\"@graph\":[{\"@type\":\"Article\",\"@id\":\"https:\\\/\\\/www.masvilar.cat\\\/es\\\/retiros-el-sitio-ideal-mas-vilar-en-el-montseny\\\/#article\",\"isPartOf\":{\"@id\":\"https:\\\/\\\/www.masvilar.cat\\\/es\\\/retiros-el-sitio-ideal-mas-vilar-en-el-montseny\\\/\"},\"author\":{\"name\":\"adM_m4svil4r\",\"@id\":\"https:\\\/\\\/www.masvilar.cat\\\/#\\\/schema\\\/person\\\/f39aeaa58371efc61857ccc94e3321b6\"},\"headline\":\"Nuestra casa rural es el lugar id\u00f3neo para tu Retiro\",\"datePublished\":\"2022-03-11T16:51:23+00:00\",\"dateModified\":\"2024-07-01T10:06:15+00:00\",\"mainEntityOfPage\":{\"@id\":\"https:\\\/\\\/www.masvilar.cat\\\/es\\\/retiros-el-sitio-ideal-mas-vilar-en-el-montseny\\\/\"},\"wordCount\":1164,\"image\":{\"@id\":\"https:\\\/\\\/www.masvilar.cat\\\/es\\\/retiros-el-sitio-ideal-mas-vilar-en-el-montseny\\\/#primaryimage\"},\"thumbnailUrl\":\"https:\\\/\\\/www.masvilar.cat\\\/wp-content\\\/uploads\\\/2024\\\/04\\\/Sala-ioga.jpeg\",\"keywords\":[\"casa rural\",\"coaching\",\"ioga\",\"mas vilar\",\"mindfulness\",\"montseny\",\"primavera\",\"retir\",\"retiro\"],\"articleSection\":[\"Retiro\"],\"inLanguage\":\"es\"},{\"@type\":\"WebPage\",\"@id\":\"https:\\\/\\\/www.masvilar.cat\\\/es\\\/retiros-el-sitio-ideal-mas-vilar-en-el-montseny\\\/\",\"url\":\"https:\\\/\\\/www.masvilar.cat\\\/es\\\/retiros-el-sitio-ideal-mas-vilar-en-el-montseny\\\/\",\"name\":\"Nuestra casa rural es el lugar id\u00f3neo para tu Retiro\",\"isPartOf\":{\"@id\":\"https:\\\/\\\/www.masvilar.cat\\\/#website\"},\"primaryImageOfPage\":{\"@id\":\"https:\\\/\\\/www.masvilar.cat\\\/es\\\/retiros-el-sitio-ideal-mas-vilar-en-el-montseny\\\/#primaryimage\"},\"image\":{\"@id\":\"https:\\\/\\\/www.masvilar.cat\\\/es\\\/retiros-el-sitio-ideal-mas-vilar-en-el-montseny\\\/#primaryimage\"},\"thumbnailUrl\":\"https:\\\/\\\/www.masvilar.cat\\\/wp-content\\\/uploads\\\/2024\\\/04\\\/Sala-ioga.jpeg\",\"datePublished\":\"2022-03-11T16:51:23+00:00\",\"dateModified\":\"2024-07-01T10:06:15+00:00\",\"author\":{\"@id\":\"https:\\\/\\\/www.masvilar.cat\\\/#\\\/schema\\\/person\\\/f39aeaa58371efc61857ccc94e3321b6\"},\"description\":\"La casa rural de Mas Vilar en el Montseny es el lugar id\u00f3neo para hacer tu retiro, tenemos los mejores motivos para que nos elijas.\",\"breadcrumb\":{\"@id\":\"https:\\\/\\\/www.masvilar.cat\\\/es\\\/retiros-el-sitio-ideal-mas-vilar-en-el-montseny\\\/#breadcrumb\"},\"inLanguage\":\"es\",\"potentialAction\":[{\"@type\":\"ReadAction\",\"target\":[\"https:\\\/\\\/www.masvilar.cat\\\/es\\\/retiros-el-sitio-ideal-mas-vilar-en-el-montseny\\\/\"]}]},{\"@type\":\"ImageObject\",\"inLanguage\":\"es\",\"@id\":\"https:\\\/\\\/www.masvilar.cat\\\/es\\\/retiros-el-sitio-ideal-mas-vilar-en-el-montseny\\\/#primaryimage\",\"url\":\"https:\\\/\\\/www.masvilar.cat\\\/wp-content\\\/uploads\\\/2024\\\/04\\\/Sala-ioga.jpeg\",\"contentUrl\":\"https:\\\/\\\/www.masvilar.cat\\\/wp-content\\\/uploads\\\/2024\\\/04\\\/Sala-ioga.jpeg\",\"width\":1280,\"height\":960,\"caption\":\"Sala ioga para retiro en casa rural\"},{\"@type\":\"BreadcrumbList\",\"@id\":\"https:\\\/\\\/www.masvilar.cat\\\/es\\\/retiros-el-sitio-ideal-mas-vilar-en-el-montseny\\\/#breadcrumb\",\"itemListElement\":[{\"@type\":\"ListItem\",\"position\":1,\"name\":\"Inici\",\"item\":\"https:\\\/\\\/www.masvilar.cat\\\/es\\\/\"},{\"@type\":\"ListItem\",\"position\":2,\"name\":\"Nuestra casa rural es el lugar id\u00f3neo para tu Retiro\"}]},{\"@type\":\"WebSite\",\"@id\":\"https:\\\/\\\/www.masvilar.cat\\\/#website\",\"url\":\"https:\\\/\\\/www.masvilar.cat\\\/\",\"name\":\"Mas Vilar\",\"description\":\"Turisme Rural al Montseny\",\"potentialAction\":[{\"@type\":\"SearchAction\",\"target\":{\"@type\":\"EntryPoint\",\"urlTemplate\":\"https:\\\/\\\/www.masvilar.cat\\\/?s={search_term_string}\"},\"query-input\":{\"@type\":\"PropertyValueSpecification\",\"valueRequired\":true,\"valueName\":\"search_term_string\"}}],\"inLanguage\":\"es\"},{\"@type\":\"Person\",\"@id\":\"https:\\\/\\\/www.masvilar.cat\\\/#\\\/schema\\\/person\\\/f39aeaa58371efc61857ccc94e3321b6\",\"name\":\"adM_m4svil4r\",\"url\":\"https:\\\/\\\/www.masvilar.cat\\\/es\\\/author\\\/adm_m4svil4r\\\/\"}]}<\/script>\n<!-- \/ Yoast SEO plugin. -->","yoast_head_json":{"title":"Nuestra casa rural es el lugar id\u00f3neo para tu Retiro","description":"La casa rural de Mas Vilar en el Montseny es el lugar id\u00f3neo para hacer tu retiro, tenemos los mejores motivos para que nos elijas.","robots":{"index":"index","follow":"follow","max-snippet":"max-snippet:-1","max-image-preview":"max-image-preview:large","max-video-preview":"max-video-preview:-1"},"canonical":"https:\/\/www.masvilar.cat\/es\/retiros-el-sitio-ideal-mas-vilar-en-el-montseny\/","og_locale":"es_ES","og_type":"article","og_title":"Nuestra casa rural es el lugar id\u00f3neo para tu Retiro","og_description":"La casa rural de Mas Vilar en el Montseny es el lugar id\u00f3neo para hacer tu retiro, tenemos los mejores motivos para que nos elijas.","og_url":"https:\/\/www.masvilar.cat\/es\/retiros-el-sitio-ideal-mas-vilar-en-el-montseny\/","og_site_name":"Mas Vilar","article_published_time":"2022-03-11T16:51:23+00:00","article_modified_time":"2024-07-01T10:06:15+00:00","og_image":[{"width":1280,"height":960,"url":"https:\/\/www.masvilar.cat\/wp-content\/uploads\/2024\/04\/Sala-ioga.jpeg","type":"image\/jpeg"}],"author":"adM_m4svil4r","twitter_card":"summary_large_image","twitter_misc":{"Escrito por":"adM_m4svil4r","Tiempo de lectura":"6 minutos"},"schema":{"@context":"https:\/\/schema.org","@graph":[{"@type":"Article","@id":"https:\/\/www.masvilar.cat\/es\/retiros-el-sitio-ideal-mas-vilar-en-el-montseny\/#article","isPartOf":{"@id":"https:\/\/www.masvilar.cat\/es\/retiros-el-sitio-ideal-mas-vilar-en-el-montseny\/"},"author":{"name":"adM_m4svil4r","@id":"https:\/\/www.masvilar.cat\/#\/schema\/person\/f39aeaa58371efc61857ccc94e3321b6"},"headline":"Nuestra casa rural es el lugar id\u00f3neo para tu Retiro","datePublished":"2022-03-11T16:51:23+00:00","dateModified":"2024-07-01T10:06:15+00:00","mainEntityOfPage":{"@id":"https:\/\/www.masvilar.cat\/es\/retiros-el-sitio-ideal-mas-vilar-en-el-montseny\/"},"wordCount":1164,"image":{"@id":"https:\/\/www.masvilar.cat\/es\/retiros-el-sitio-ideal-mas-vilar-en-el-montseny\/#primaryimage"},"thumbnailUrl":"https:\/\/www.masvilar.cat\/wp-content\/uploads\/2024\/04\/Sala-ioga.jpeg","keywords":["casa rural","coaching","ioga","mas vilar","mindfulness","montseny","primavera","retir","retiro"],"articleSection":["Retiro"],"inLanguage":"es"},{"@type":"WebPage","@id":"https:\/\/www.masvilar.cat\/es\/retiros-el-sitio-ideal-mas-vilar-en-el-montseny\/","url":"https:\/\/www.masvilar.cat\/es\/retiros-el-sitio-ideal-mas-vilar-en-el-montseny\/","name":"Nuestra casa rural es el lugar id\u00f3neo para tu Retiro","isPartOf":{"@id":"https:\/\/www.masvilar.cat\/#website"},"primaryImageOfPage":{"@id":"https:\/\/www.masvilar.cat\/es\/retiros-el-sitio-ideal-mas-vilar-en-el-montseny\/#primaryimage"},"image":{"@id":"https:\/\/www.masvilar.cat\/es\/retiros-el-sitio-ideal-mas-vilar-en-el-montseny\/#primaryimage"},"thumbnailUrl":"https:\/\/www.masvilar.cat\/wp-content\/uploads\/2024\/04\/Sala-ioga.jpeg","datePublished":"2022-03-11T16:51:23+00:00","dateModified":"2024-07-01T10:06:15+00:00","author":{"@id":"https:\/\/www.masvilar.cat\/#\/schema\/person\/f39aeaa58371efc61857ccc94e3321b6"},"description":"La casa rural de Mas Vilar en el Montseny es el lugar id\u00f3neo para hacer tu retiro, tenemos los mejores motivos para que nos elijas.","breadcrumb":{"@id":"https:\/\/www.masvilar.cat\/es\/retiros-el-sitio-ideal-mas-vilar-en-el-montseny\/#breadcrumb"},"inLanguage":"es","potentialAction":[{"@type":"ReadAction","target":["https:\/\/www.masvilar.cat\/es\/retiros-el-sitio-ideal-mas-vilar-en-el-montseny\/"]}]},{"@type":"ImageObject","inLanguage":"es","@id":"https:\/\/www.masvilar.cat\/es\/retiros-el-sitio-ideal-mas-vilar-en-el-montseny\/#primaryimage","url":"https:\/\/www.masvilar.cat\/wp-content\/uploads\/2024\/04\/Sala-ioga.jpeg","contentUrl":"https:\/\/www.masvilar.cat\/wp-content\/uploads\/2024\/04\/Sala-ioga.jpeg","width":1280,"height":960,"caption":"Sala ioga para retiro en casa rural"},{"@type":"BreadcrumbList","@id":"https:\/\/www.masvilar.cat\/es\/retiros-el-sitio-ideal-mas-vilar-en-el-montseny\/#breadcrumb","itemListElement":[{"@type":"ListItem","position":1,"name":"Inici","item":"https:\/\/www.masvilar.cat\/es\/"},{"@type":"ListItem","position":2,"name":"Nuestra casa rural es el lugar id\u00f3neo para tu Retiro"}]},{"@type":"WebSite","@id":"https:\/\/www.masvilar.cat\/#website","url":"https:\/\/www.masvilar.cat\/","name":"Mas Vilar","description":"Turisme Rural al Montseny","potentialAction":[{"@type":"SearchAction","target":{"@type":"EntryPoint","urlTemplate":"https:\/\/www.masvilar.cat\/?s={search_term_string}"},"query-input":{"@type":"PropertyValueSpecification","valueRequired":true,"valueName":"search_term_string"}}],"inLanguage":"es"},{"@type":"Person","@id":"https:\/\/www.masvilar.cat\/#\/schema\/person\/f39aeaa58371efc61857ccc94e3321b6","name":"adM_m4svil4r","url":"https:\/\/www.masvilar.cat\/es\/author\/adm_m4svil4r\/"}]}},"_links":{"self":[{"href":"https:\/\/www.masvilar.cat\/es\/wp-json\/wp\/v2\/posts\/7319","targetHints":{"allow":["GET"]}}],"collection":[{"href":"https:\/\/www.masvilar.cat\/es\/wp-json\/wp\/v2\/posts"}],"about":[{"href":"https:\/\/www.masvilar.cat\/es\/wp-json\/wp\/v2\/types\/post"}],"author":[{"embeddable":true,"href":"https:\/\/www.masvilar.cat\/es\/wp-json\/wp\/v2\/users\/5"}],"replies":[{"embeddable":true,"href":"https:\/\/www.masvilar.cat\/es\/wp-json\/wp\/v2\/comments?post=7319"}],"version-history":[{"count":58,"href":"https:\/\/www.masvilar.cat\/es\/wp-json\/wp\/v2\/posts\/7319\/revisions"}],"predecessor-version":[{"id":8356,"href":"https:\/\/www.masvilar.cat\/es\/wp-json\/wp\/v2\/posts\/7319\/revisions\/8356"}],"wp:featuredmedia":[{"embeddable":true,"href":"https:\/\/www.masvilar.cat\/es\/wp-json\/wp\/v2\/media\/7903"}],"wp:attachment":[{"href":"https:\/\/www.masvilar.cat\/es\/wp-json\/wp\/v2\/media?parent=7319"}],"wp:term":[{"taxonomy":"category","embeddable":true,"href":"https:\/\/www.masvilar.cat\/es\/wp-json\/wp\/v2\/categories?post=7319"},{"taxonomy":"post_tag","embeddable":true,"href":"https:\/\/www.masvilar.cat\/es\/wp-json\/wp\/v2\/tags?post=7319"}],"curies":[{"name":"wp","href":"https:\/\/api.w.org\/{rel}","templated":true}]}}