{"id":6600,"date":"2021-08-08T08:23:28","date_gmt":"2021-08-08T08:23:28","guid":{"rendered":"https:\/\/www.masvilar.cat\/taller-llavor-al-mas-vilar-consciencia-corporal-en-el-montseny\/"},"modified":"2024-07-01T10:05:58","modified_gmt":"2024-07-01T10:05:58","slug":"taller-llavor-al-mas-vilar-consciencia-corporal-en-el-montseny","status":"publish","type":"post","link":"https:\/\/www.masvilar.cat\/es\/taller-llavor-al-mas-vilar-consciencia-corporal-en-el-montseny\/","title":{"rendered":"Taller LLavor al M\u00e1s Vilar &#8211; consciencia corporal en el Montseny"},"content":{"rendered":"<p>[et_pb_section fb_built=\u00bb1&#8243; _builder_version=\u00bb4.9.10&#8243; _module_preset=\u00bbdefault\u00bb][et_pb_row _builder_version=\u00bb4.9.10&#8243; _module_preset=\u00bbdefault\u00bb][et_pb_column _builder_version=\u00bb4.9.10&#8243; _module_preset=\u00bbdefault\u00bb type=\u00bb4_4&#8243;][et_pb_text _builder_version=\u00bb4.9.10&#8243; _module_preset=\u00bbdefault\u00bb hover_enabled=\u00bb0&#8243; sticky_enabled=\u00bb0&#8243;]<\/p>\n<h2 class=\"t pg-1m0 pg-1x0 pg-1h4 pg-1y3 pg-1ff1 pg-1fs1 pg-1fc1 pg-1sc0 pg-1ls0 pg-1ws0\"><strong>Classes para todos<\/strong><\/h2>\n<p><strong>De viernes a lunes de Agosto de 11 a 12h<\/strong><\/p>\n<div class=\"t pg-1m0 pg-1x0 pg-1h4 pg-1y4 pg-1ff1 pg-1fs1 pg-1fc1 pg-1sc0 pg-1ls0 pg-1ws0\">\n<div class=\"t pg-2m0 pg-2x0 pg-2h3 pg-2y2 pg-2ff1 pg-2fs0 pg-2fc0 pg-2sc0 pg-2ls0 pg-2ws0\"><strong>Agosto 2021<\/strong><\/div>\n<div class=\"t pg-2m0 pg-2x0 pg-2h3 pg-2y2 pg-2ff1 pg-2fs0 pg-2fc0 pg-2sc0 pg-2ls0 pg-2ws0\"><\/div>\n<div class=\"t pg-2m0 pg-2x0 pg-2h3 pg-2y2 pg-2ff1 pg-2fs0 pg-2fc0 pg-2sc0 pg-2ls0 pg-2ws0\">Estas clases est\u00e1n pensadas para <strong>personas interesadas en el mantenimiento de la conciencia corporal y a su vez la mental, la creatividad y la relaci\u00f3n con el espacio.<\/strong><\/div>\n<div class=\"t pg-2m0 pg-2x0 pg-2h3 pg-2y5 pg-2ff1 pg-2fs0 pg-2fc0 pg-2sc0 pg-2ls0 pg-2ws0\"><\/div>\n<div class=\"t pg-2m0 pg-2x0 pg-2h3 pg-2y6 pg-2ff1 pg-2fs0 pg-2fc0 pg-2sc0 pg-2ls0 pg-2ws0\">En este encuentro nos sumergiremos en la naturaleza desde la presencia que nos <strong>conecta con la conciencia corporal<\/strong>, ese estado mental que conecta con la postura, estar consciente de c\u00f3mo est\u00e1 mi cuerpo o segmentos de<br \/>la misma seg\u00fan el entorno y de la acci\u00f3n.<br \/>Ser\u00e1 una toma de contacto con el trabajo pedag\u00f3gico y el entrenamiento que ha desarrollado la bailaora <strong>Sonia S\u00e1nchez<\/strong> desde el body weather, el flamenco y la improvisaci\u00f3n. Para desarrollar la capacidad de an\u00e1lisis, de la conciencia y la presencia.<\/div>\n<div class=\"t pg-2m0 pg-2x0 pg-2h3 pg-2yd pg-2ff1 pg-2fs0 pg-2fc0 pg-2sc0 pg-2ls0 pg-2ws0\"><\/div>\n<div class=\"t pg-2m0 pg-2x0 pg-2h3 pg-2ye pg-2ff1 pg-2fs0 pg-2fc0 pg-2sc0 pg-2ls0 pg-2ws0\">M\u00e1s all\u00e1 de la forma, la vida es cuerpo, mente, el alma en movimiento.<\/div>\n<div class=\"t pg-2m0 pg-2x0 pg-2h3 pg-2ye pg-2ff1 pg-2fs0 pg-2fc0 pg-2sc0 pg-2ls0 pg-2ws0\"><\/div>\n<div class=\"t pg-2m0 pg-2x0 pg-2h3 pg-2yf pg-2ff1 pg-2fs0 pg-2fc0 pg-2sc0 pg-2ls0 pg-2ws0\">Es el momento de romper con la disciplina para justamente adentrarse en ella.<\/div>\n<div class=\"t pg-2m0 pg-2x0 pg-2h3 pg-2yf pg-2ff1 pg-2fs0 pg-2fc0 pg-2sc0 pg-2ls0 pg-2ws0\"><\/div>\n<div class=\"t pg-2m0 pg-2x0 pg-2h3 pg-2y10 pg-2ff1 pg-2fs0 pg-2fc0 pg-2sc0 pg-2ls0 pg-2ws0\">Ser lo que somos libremente, una experiencia \u00fanica.<\/div>\n<div class=\"t pg-2m0 pg-2x0 pg-2h3 pg-2y11 pg-2ff1 pg-2fs0 pg-2fc0 pg-2sc0 pg-2ls0 pg-2ws0\"><\/div>\n<p class=\"t pg-2m0 pg-2x0 pg-2h3 pg-2y11 pg-2ff1 pg-2fs0 pg-2fc0 pg-2sc0 pg-2ls0 pg-2ws0\"><strong>Reserva tu plaza!<\/strong><\/p>\n<p class=\"t pg-2m0 pg-2x0 pg-2h3 pg-2y12 pg-2ff1 pg-2fs0 pg-2fc0 pg-2sc0 pg-2ls0 pg-2ws0\"><strong>Donaci\u00f3n 12 \u20ac \/ dia- 40 \u20ac \/ 4 sesiones<\/strong><\/p>\n<\/div>\n<p>[\/et_pb_text][\/et_pb_column][\/et_pb_row][\/et_pb_section]<\/p>\n","protected":false},"excerpt":{"rendered":"<p>Classes para todos De viernes a lunes de Agosto de 11 a 12h Agosto 2021 Estas clases est\u00e1n pensadas para personas interesadas en el mantenimiento de la conciencia corporal y a su vez la mental, la creatividad y la relaci\u00f3n con el espacio. En este encuentro nos sumergiremos en la naturaleza desde la presencia que [&hellip;]<\/p>\n","protected":false},"author":5,"featured_media":6582,"comment_status":"open","ping_status":"open","sticky":false,"template":"","format":"standard","meta":{"_et_pb_use_builder":"on","_et_pb_old_content":"","_et_gb_content_width":"","footnotes":""},"categories":[10],"tags":[39,38],"class_list":["post-6600","post","type-post","status-publish","format-standard","has-post-thumbnail","hentry","category-sin-categorizar","tag-coaching-es","tag-mindfulness-es"],"yoast_head":"<!-- This site is optimized with the Yoast SEO plugin v27.3 - https:\/\/yoast.com\/product\/yoast-seo-wordpress\/ -->\n<title>Taller LLavor al M\u00e1s Vilar - consciencia corporal en el Montseny - Mas Vilar<\/title>\n<meta name=\"description\" content=\"Taller Llavors al M\u00e1s Vilar - consciencia corporal al Montseny con la bailaora S\u00f2nia S\u00e1nchez, abiertas inscripciones todo el Agosto\" \/>\n<meta name=\"robots\" content=\"index, follow, max-snippet:-1, max-image-preview:large, max-video-preview:-1\" \/>\n<link rel=\"canonical\" href=\"https:\/\/www.masvilar.cat\/es\/taller-llavor-al-mas-vilar-consciencia-corporal-en-el-montseny\/\" \/>\n<meta property=\"og:locale\" content=\"es_ES\" \/>\n<meta property=\"og:type\" content=\"article\" \/>\n<meta property=\"og:title\" content=\"Taller LLavor al M\u00e1s Vilar - consciencia corporal en el Montseny - Mas Vilar\" \/>\n<meta property=\"og:description\" content=\"Taller Llavors al M\u00e1s Vilar - consciencia corporal al Montseny con la bailaora S\u00f2nia S\u00e1nchez, abiertas inscripciones todo el Agosto\" \/>\n<meta property=\"og:url\" content=\"https:\/\/www.masvilar.cat\/es\/taller-llavor-al-mas-vilar-consciencia-corporal-en-el-montseny\/\" \/>\n<meta property=\"og:site_name\" content=\"Mas Vilar\" \/>\n<meta property=\"article:published_time\" content=\"2021-08-08T08:23:28+00:00\" \/>\n<meta property=\"article:modified_time\" content=\"2024-07-01T10:05:58+00:00\" \/>\n<meta property=\"og:image\" content=\"https:\/\/www.masvilar.cat\/wp-content\/uploads\/2021\/08\/06_D-Vtl-\u00a9Joan-Cortes_01jul17_Vnys-Vlls-Snt-Hlr_Crdd.jpg\" \/>\n\t<meta property=\"og:image:width\" content=\"399\" \/>\n\t<meta property=\"og:image:height\" content=\"600\" \/>\n\t<meta property=\"og:image:type\" content=\"image\/jpeg\" \/>\n<meta name=\"author\" content=\"adM_m4svil4r\" \/>\n<meta name=\"twitter:card\" content=\"summary_large_image\" \/>\n<meta name=\"twitter:label1\" content=\"Escrito por\" \/>\n\t<meta name=\"twitter:data1\" content=\"adM_m4svil4r\" \/>\n\t<meta name=\"twitter:label2\" content=\"Tiempo de lectura\" \/>\n\t<meta name=\"twitter:data2\" content=\"1 minuto\" \/>\n<script type=\"application\/ld+json\" class=\"yoast-schema-graph\">{\"@context\":\"https:\\\/\\\/schema.org\",\"@graph\":[{\"@type\":\"Article\",\"@id\":\"https:\\\/\\\/www.masvilar.cat\\\/es\\\/taller-llavor-al-mas-vilar-consciencia-corporal-en-el-montseny\\\/#article\",\"isPartOf\":{\"@id\":\"https:\\\/\\\/www.masvilar.cat\\\/es\\\/taller-llavor-al-mas-vilar-consciencia-corporal-en-el-montseny\\\/\"},\"author\":{\"name\":\"adM_m4svil4r\",\"@id\":\"https:\\\/\\\/www.masvilar.cat\\\/#\\\/schema\\\/person\\\/f39aeaa58371efc61857ccc94e3321b6\"},\"headline\":\"Taller LLavor al M\u00e1s Vilar &#8211; consciencia corporal en el Montseny\",\"datePublished\":\"2021-08-08T08:23:28+00:00\",\"dateModified\":\"2024-07-01T10:05:58+00:00\",\"mainEntityOfPage\":{\"@id\":\"https:\\\/\\\/www.masvilar.cat\\\/es\\\/taller-llavor-al-mas-vilar-consciencia-corporal-en-el-montseny\\\/\"},\"wordCount\":240,\"commentCount\":0,\"image\":{\"@id\":\"https:\\\/\\\/www.masvilar.cat\\\/es\\\/taller-llavor-al-mas-vilar-consciencia-corporal-en-el-montseny\\\/#primaryimage\"},\"thumbnailUrl\":\"https:\\\/\\\/www.masvilar.cat\\\/wp-content\\\/uploads\\\/2021\\\/08\\\/06_D-Vtl-\u00a9Joan-Cortes_01jul17_Vnys-Vlls-Snt-Hlr_Crdd.jpg\",\"keywords\":[\"coaching\",\"mindfulness\"],\"articleSection\":[\"Sin categorizar\"],\"inLanguage\":\"es\"},{\"@type\":\"WebPage\",\"@id\":\"https:\\\/\\\/www.masvilar.cat\\\/es\\\/taller-llavor-al-mas-vilar-consciencia-corporal-en-el-montseny\\\/\",\"url\":\"https:\\\/\\\/www.masvilar.cat\\\/es\\\/taller-llavor-al-mas-vilar-consciencia-corporal-en-el-montseny\\\/\",\"name\":\"Taller LLavor al M\u00e1s Vilar - consciencia corporal en el Montseny - Mas Vilar\",\"isPartOf\":{\"@id\":\"https:\\\/\\\/www.masvilar.cat\\\/#website\"},\"primaryImageOfPage\":{\"@id\":\"https:\\\/\\\/www.masvilar.cat\\\/es\\\/taller-llavor-al-mas-vilar-consciencia-corporal-en-el-montseny\\\/#primaryimage\"},\"image\":{\"@id\":\"https:\\\/\\\/www.masvilar.cat\\\/es\\\/taller-llavor-al-mas-vilar-consciencia-corporal-en-el-montseny\\\/#primaryimage\"},\"thumbnailUrl\":\"https:\\\/\\\/www.masvilar.cat\\\/wp-content\\\/uploads\\\/2021\\\/08\\\/06_D-Vtl-\u00a9Joan-Cortes_01jul17_Vnys-Vlls-Snt-Hlr_Crdd.jpg\",\"datePublished\":\"2021-08-08T08:23:28+00:00\",\"dateModified\":\"2024-07-01T10:05:58+00:00\",\"author\":{\"@id\":\"https:\\\/\\\/www.masvilar.cat\\\/#\\\/schema\\\/person\\\/f39aeaa58371efc61857ccc94e3321b6\"},\"description\":\"Taller Llavors al M\u00e1s Vilar - consciencia corporal al Montseny con la bailaora S\u00f2nia S\u00e1nchez, abiertas inscripciones todo el Agosto\",\"breadcrumb\":{\"@id\":\"https:\\\/\\\/www.masvilar.cat\\\/es\\\/taller-llavor-al-mas-vilar-consciencia-corporal-en-el-montseny\\\/#breadcrumb\"},\"inLanguage\":\"es\",\"potentialAction\":[{\"@type\":\"ReadAction\",\"target\":[\"https:\\\/\\\/www.masvilar.cat\\\/es\\\/taller-llavor-al-mas-vilar-consciencia-corporal-en-el-montseny\\\/\"]}]},{\"@type\":\"ImageObject\",\"inLanguage\":\"es\",\"@id\":\"https:\\\/\\\/www.masvilar.cat\\\/es\\\/taller-llavor-al-mas-vilar-consciencia-corporal-en-el-montseny\\\/#primaryimage\",\"url\":\"https:\\\/\\\/www.masvilar.cat\\\/wp-content\\\/uploads\\\/2021\\\/08\\\/06_D-Vtl-\u00a9Joan-Cortes_01jul17_Vnys-Vlls-Snt-Hlr_Crdd.jpg\",\"contentUrl\":\"https:\\\/\\\/www.masvilar.cat\\\/wp-content\\\/uploads\\\/2021\\\/08\\\/06_D-Vtl-\u00a9Joan-Cortes_01jul17_Vnys-Vlls-Snt-Hlr_Crdd.jpg\",\"width\":399,\"height\":600},{\"@type\":\"BreadcrumbList\",\"@id\":\"https:\\\/\\\/www.masvilar.cat\\\/es\\\/taller-llavor-al-mas-vilar-consciencia-corporal-en-el-montseny\\\/#breadcrumb\",\"itemListElement\":[{\"@type\":\"ListItem\",\"position\":1,\"name\":\"Inici\",\"item\":\"https:\\\/\\\/www.masvilar.cat\\\/es\\\/\"},{\"@type\":\"ListItem\",\"position\":2,\"name\":\"Taller LLavor al M\u00e1s Vilar &#8211; consciencia corporal en el Montseny\"}]},{\"@type\":\"WebSite\",\"@id\":\"https:\\\/\\\/www.masvilar.cat\\\/#website\",\"url\":\"https:\\\/\\\/www.masvilar.cat\\\/\",\"name\":\"Mas Vilar\",\"description\":\"Turisme Rural al Montseny\",\"potentialAction\":[{\"@type\":\"SearchAction\",\"target\":{\"@type\":\"EntryPoint\",\"urlTemplate\":\"https:\\\/\\\/www.masvilar.cat\\\/?s={search_term_string}\"},\"query-input\":{\"@type\":\"PropertyValueSpecification\",\"valueRequired\":true,\"valueName\":\"search_term_string\"}}],\"inLanguage\":\"es\"},{\"@type\":\"Person\",\"@id\":\"https:\\\/\\\/www.masvilar.cat\\\/#\\\/schema\\\/person\\\/f39aeaa58371efc61857ccc94e3321b6\",\"name\":\"adM_m4svil4r\",\"url\":\"https:\\\/\\\/www.masvilar.cat\\\/es\\\/author\\\/adm_m4svil4r\\\/\"}]}<\/script>\n<!-- \/ Yoast SEO plugin. -->","yoast_head_json":{"title":"Taller LLavor al M\u00e1s Vilar - consciencia corporal en el Montseny - Mas Vilar","description":"Taller Llavors al M\u00e1s Vilar - consciencia corporal al Montseny con la bailaora S\u00f2nia S\u00e1nchez, abiertas inscripciones todo el Agosto","robots":{"index":"index","follow":"follow","max-snippet":"max-snippet:-1","max-image-preview":"max-image-preview:large","max-video-preview":"max-video-preview:-1"},"canonical":"https:\/\/www.masvilar.cat\/es\/taller-llavor-al-mas-vilar-consciencia-corporal-en-el-montseny\/","og_locale":"es_ES","og_type":"article","og_title":"Taller LLavor al M\u00e1s Vilar - consciencia corporal en el Montseny - Mas Vilar","og_description":"Taller Llavors al M\u00e1s Vilar - consciencia corporal al Montseny con la bailaora S\u00f2nia S\u00e1nchez, abiertas inscripciones todo el Agosto","og_url":"https:\/\/www.masvilar.cat\/es\/taller-llavor-al-mas-vilar-consciencia-corporal-en-el-montseny\/","og_site_name":"Mas Vilar","article_published_time":"2021-08-08T08:23:28+00:00","article_modified_time":"2024-07-01T10:05:58+00:00","og_image":[{"width":399,"height":600,"url":"https:\/\/www.masvilar.cat\/wp-content\/uploads\/2021\/08\/06_D-Vtl-\u00a9Joan-Cortes_01jul17_Vnys-Vlls-Snt-Hlr_Crdd.jpg","type":"image\/jpeg"}],"author":"adM_m4svil4r","twitter_card":"summary_large_image","twitter_misc":{"Escrito por":"adM_m4svil4r","Tiempo de lectura":"1 minuto"},"schema":{"@context":"https:\/\/schema.org","@graph":[{"@type":"Article","@id":"https:\/\/www.masvilar.cat\/es\/taller-llavor-al-mas-vilar-consciencia-corporal-en-el-montseny\/#article","isPartOf":{"@id":"https:\/\/www.masvilar.cat\/es\/taller-llavor-al-mas-vilar-consciencia-corporal-en-el-montseny\/"},"author":{"name":"adM_m4svil4r","@id":"https:\/\/www.masvilar.cat\/#\/schema\/person\/f39aeaa58371efc61857ccc94e3321b6"},"headline":"Taller LLavor al M\u00e1s Vilar &#8211; consciencia corporal en el Montseny","datePublished":"2021-08-08T08:23:28+00:00","dateModified":"2024-07-01T10:05:58+00:00","mainEntityOfPage":{"@id":"https:\/\/www.masvilar.cat\/es\/taller-llavor-al-mas-vilar-consciencia-corporal-en-el-montseny\/"},"wordCount":240,"commentCount":0,"image":{"@id":"https:\/\/www.masvilar.cat\/es\/taller-llavor-al-mas-vilar-consciencia-corporal-en-el-montseny\/#primaryimage"},"thumbnailUrl":"https:\/\/www.masvilar.cat\/wp-content\/uploads\/2021\/08\/06_D-Vtl-\u00a9Joan-Cortes_01jul17_Vnys-Vlls-Snt-Hlr_Crdd.jpg","keywords":["coaching","mindfulness"],"articleSection":["Sin categorizar"],"inLanguage":"es"},{"@type":"WebPage","@id":"https:\/\/www.masvilar.cat\/es\/taller-llavor-al-mas-vilar-consciencia-corporal-en-el-montseny\/","url":"https:\/\/www.masvilar.cat\/es\/taller-llavor-al-mas-vilar-consciencia-corporal-en-el-montseny\/","name":"Taller LLavor al M\u00e1s Vilar - consciencia corporal en el Montseny - Mas Vilar","isPartOf":{"@id":"https:\/\/www.masvilar.cat\/#website"},"primaryImageOfPage":{"@id":"https:\/\/www.masvilar.cat\/es\/taller-llavor-al-mas-vilar-consciencia-corporal-en-el-montseny\/#primaryimage"},"image":{"@id":"https:\/\/www.masvilar.cat\/es\/taller-llavor-al-mas-vilar-consciencia-corporal-en-el-montseny\/#primaryimage"},"thumbnailUrl":"https:\/\/www.masvilar.cat\/wp-content\/uploads\/2021\/08\/06_D-Vtl-\u00a9Joan-Cortes_01jul17_Vnys-Vlls-Snt-Hlr_Crdd.jpg","datePublished":"2021-08-08T08:23:28+00:00","dateModified":"2024-07-01T10:05:58+00:00","author":{"@id":"https:\/\/www.masvilar.cat\/#\/schema\/person\/f39aeaa58371efc61857ccc94e3321b6"},"description":"Taller Llavors al M\u00e1s Vilar - consciencia corporal al Montseny con la bailaora S\u00f2nia S\u00e1nchez, abiertas inscripciones todo el Agosto","breadcrumb":{"@id":"https:\/\/www.masvilar.cat\/es\/taller-llavor-al-mas-vilar-consciencia-corporal-en-el-montseny\/#breadcrumb"},"inLanguage":"es","potentialAction":[{"@type":"ReadAction","target":["https:\/\/www.masvilar.cat\/es\/taller-llavor-al-mas-vilar-consciencia-corporal-en-el-montseny\/"]}]},{"@type":"ImageObject","inLanguage":"es","@id":"https:\/\/www.masvilar.cat\/es\/taller-llavor-al-mas-vilar-consciencia-corporal-en-el-montseny\/#primaryimage","url":"https:\/\/www.masvilar.cat\/wp-content\/uploads\/2021\/08\/06_D-Vtl-\u00a9Joan-Cortes_01jul17_Vnys-Vlls-Snt-Hlr_Crdd.jpg","contentUrl":"https:\/\/www.masvilar.cat\/wp-content\/uploads\/2021\/08\/06_D-Vtl-\u00a9Joan-Cortes_01jul17_Vnys-Vlls-Snt-Hlr_Crdd.jpg","width":399,"height":600},{"@type":"BreadcrumbList","@id":"https:\/\/www.masvilar.cat\/es\/taller-llavor-al-mas-vilar-consciencia-corporal-en-el-montseny\/#breadcrumb","itemListElement":[{"@type":"ListItem","position":1,"name":"Inici","item":"https:\/\/www.masvilar.cat\/es\/"},{"@type":"ListItem","position":2,"name":"Taller LLavor al M\u00e1s Vilar &#8211; consciencia corporal en el Montseny"}]},{"@type":"WebSite","@id":"https:\/\/www.masvilar.cat\/#website","url":"https:\/\/www.masvilar.cat\/","name":"Mas Vilar","description":"Turisme Rural al Montseny","potentialAction":[{"@type":"SearchAction","target":{"@type":"EntryPoint","urlTemplate":"https:\/\/www.masvilar.cat\/?s={search_term_string}"},"query-input":{"@type":"PropertyValueSpecification","valueRequired":true,"valueName":"search_term_string"}}],"inLanguage":"es"},{"@type":"Person","@id":"https:\/\/www.masvilar.cat\/#\/schema\/person\/f39aeaa58371efc61857ccc94e3321b6","name":"adM_m4svil4r","url":"https:\/\/www.masvilar.cat\/es\/author\/adm_m4svil4r\/"}]}},"_links":{"self":[{"href":"https:\/\/www.masvilar.cat\/es\/wp-json\/wp\/v2\/posts\/6600","targetHints":{"allow":["GET"]}}],"collection":[{"href":"https:\/\/www.masvilar.cat\/es\/wp-json\/wp\/v2\/posts"}],"about":[{"href":"https:\/\/www.masvilar.cat\/es\/wp-json\/wp\/v2\/types\/post"}],"author":[{"embeddable":true,"href":"https:\/\/www.masvilar.cat\/es\/wp-json\/wp\/v2\/users\/5"}],"replies":[{"embeddable":true,"href":"https:\/\/www.masvilar.cat\/es\/wp-json\/wp\/v2\/comments?post=6600"}],"version-history":[{"count":5,"href":"https:\/\/www.masvilar.cat\/es\/wp-json\/wp\/v2\/posts\/6600\/revisions"}],"predecessor-version":[{"id":6644,"href":"https:\/\/www.masvilar.cat\/es\/wp-json\/wp\/v2\/posts\/6600\/revisions\/6644"}],"wp:featuredmedia":[{"embeddable":true,"href":"https:\/\/www.masvilar.cat\/es\/wp-json\/wp\/v2\/media\/6582"}],"wp:attachment":[{"href":"https:\/\/www.masvilar.cat\/es\/wp-json\/wp\/v2\/media?parent=6600"}],"wp:term":[{"taxonomy":"category","embeddable":true,"href":"https:\/\/www.masvilar.cat\/es\/wp-json\/wp\/v2\/categories?post=6600"},{"taxonomy":"post_tag","embeddable":true,"href":"https:\/\/www.masvilar.cat\/es\/wp-json\/wp\/v2\/tags?post=6600"}],"curies":[{"name":"wp","href":"https:\/\/api.w.org\/{rel}","templated":true}]}}