{"id":4359,"date":"2021-01-01T09:59:10","date_gmt":"2021-01-01T09:59:10","guid":{"rendered":"http:\/\/masvilar.onfayaprojects.com\/bienvenidos-a-mas-vilar\/"},"modified":"2021-01-13T09:59:22","modified_gmt":"2021-01-13T09:59:22","slug":"bienvenidos-a-mas-vilar","status":"publish","type":"post","link":"https:\/\/www.masvilar.cat\/es\/bienvenidos-a-mas-vilar\/","title":{"rendered":"Bienvenidos a Mas Vilar"},"content":{"rendered":"\n<p>Somos Jaume y Noem\u00ed y os queremos contar que reabrimos Mas Vilar, una masia situada en pleno coraz\u00f3n del Montseny, en Arb\u00facies, con un nuevo proyecto de turismo rural. <\/p>\n\n<p>Nuestra experiencia en Masia el Buxaus, durante 13 a\u00f1os, ha sido decisiva para emprender este nuevo proyecto. A lo largo de todos estos a\u00f1os hemos podido corroborar que <strong>recibir clientes en nuestra casa y ofrecerles comodidad, comida casera natural, hecha con productos frescos, locales\u2026 y por supuesto transmitirles buena energ\u00eda y trato familiar, es lo que m\u00e1s nos gusta.<\/strong> <\/p>\n\n<p>Disfrutamos mucho conociendo gente de todas partes y con aficiones e intereses diferentes. Vengan de donde vengan nuestros clientes, todos tienen una caracter\u00edstica en com\u00fan, y es el deseo de estar en contacto con la naturaleza, cosa que nos satisface. <strong>El respeto por la naturaleza es uno de nuestros pilares y esta casa cuenta con los sistemas m\u00e1s eficientes y sostenibles que aportan un valor a\u00f1adido a nuestro proyecto<\/strong>.<\/p>\n\n<p>As\u00ed pues, deseamos que disfrut\u00e9is mucho de esta nueva casa y de este nuevo proyecto. Ser\u00e1 un placer recibiros y compartir con vosotros todo lo que hemos aprendido, y lo que iremos aprendiendo. <\/p>\n\n<p><strong>\u00a1Bienvenidos a Mas Vilar!<\/strong><\/p>\n","protected":false},"excerpt":{"rendered":"<p>Somos Jaume y Noem\u00ed y os queremos contar que reabrimos Mas Vilar, una masia situada en pleno coraz\u00f3n del Montseny, en Arb\u00facies, con un nuevo proyecto de turismo rural. Nuestra experiencia en Masia el Buxaus, durante 13 a\u00f1os, ha sido decisiva para emprender este nuevo proyecto. A lo largo de todos estos a\u00f1os hemos podido [&hellip;]<\/p>\n","protected":false},"author":1,"featured_media":4363,"comment_status":"closed","ping_status":"open","sticky":false,"template":"","format":"standard","meta":{"_et_pb_use_builder":"off","_et_pb_old_content":"","_et_gb_content_width":"","footnotes":""},"categories":[10],"tags":[],"class_list":["post-4359","post","type-post","status-publish","format-standard","has-post-thumbnail","hentry","category-sin-categorizar"],"yoast_head":"<!-- This site is optimized with the Yoast SEO plugin v27.3 - https:\/\/yoast.com\/product\/yoast-seo-wordpress\/ -->\n<title>Bienvenidos a Mas Vilar - Mas Vilar<\/title>\n<meta name=\"robots\" content=\"index, follow, max-snippet:-1, max-image-preview:large, max-video-preview:-1\" \/>\n<link rel=\"canonical\" href=\"https:\/\/www.masvilar.cat\/es\/bienvenidos-a-mas-vilar\/\" \/>\n<meta property=\"og:locale\" content=\"es_ES\" \/>\n<meta property=\"og:type\" content=\"article\" \/>\n<meta property=\"og:title\" content=\"Bienvenidos a Mas Vilar - Mas Vilar\" \/>\n<meta property=\"og:description\" content=\"Somos Jaume y Noem\u00ed y os queremos contar que reabrimos Mas Vilar, una masia situada en pleno coraz\u00f3n del Montseny, en Arb\u00facies, con un nuevo proyecto de turismo rural. Nuestra experiencia en Masia el Buxaus, durante 13 a\u00f1os, ha sido decisiva para emprender este nuevo proyecto. A lo largo de todos estos a\u00f1os hemos podido [&hellip;]\" \/>\n<meta property=\"og:url\" content=\"https:\/\/www.masvilar.cat\/es\/bienvenidos-a-mas-vilar\/\" \/>\n<meta property=\"og:site_name\" content=\"Mas Vilar\" \/>\n<meta property=\"article:published_time\" content=\"2021-01-01T09:59:10+00:00\" \/>\n<meta property=\"article:modified_time\" content=\"2021-01-13T09:59:22+00:00\" \/>\n<meta property=\"og:image\" content=\"https:\/\/www.masvilar.cat\/wp-content\/uploads\/2020\/12\/mas-vilar-entrada.jpg\" \/>\n\t<meta property=\"og:image:width\" content=\"1200\" \/>\n\t<meta property=\"og:image:height\" content=\"788\" \/>\n\t<meta property=\"og:image:type\" content=\"image\/jpeg\" \/>\n<meta name=\"author\" content=\"weareonfaya\" \/>\n<meta name=\"twitter:card\" content=\"summary_large_image\" \/>\n<meta name=\"twitter:label1\" content=\"Escrito por\" \/>\n\t<meta name=\"twitter:data1\" content=\"weareonfaya\" \/>\n\t<meta name=\"twitter:label2\" content=\"Tiempo de lectura\" \/>\n\t<meta name=\"twitter:data2\" content=\"1 minuto\" \/>\n<script type=\"application\/ld+json\" class=\"yoast-schema-graph\">{\"@context\":\"https:\\\/\\\/schema.org\",\"@graph\":[{\"@type\":\"Article\",\"@id\":\"https:\\\/\\\/www.masvilar.cat\\\/es\\\/bienvenidos-a-mas-vilar\\\/#article\",\"isPartOf\":{\"@id\":\"https:\\\/\\\/www.masvilar.cat\\\/es\\\/bienvenidos-a-mas-vilar\\\/\"},\"author\":{\"name\":\"weareonfaya\",\"@id\":\"https:\\\/\\\/www.masvilar.cat\\\/#\\\/schema\\\/person\\\/cd4d13ded75fba48ad41f0e9c71f3155\"},\"headline\":\"Bienvenidos a Mas Vilar\",\"datePublished\":\"2021-01-01T09:59:10+00:00\",\"dateModified\":\"2021-01-13T09:59:22+00:00\",\"mainEntityOfPage\":{\"@id\":\"https:\\\/\\\/www.masvilar.cat\\\/es\\\/bienvenidos-a-mas-vilar\\\/\"},\"wordCount\":208,\"image\":{\"@id\":\"https:\\\/\\\/www.masvilar.cat\\\/es\\\/bienvenidos-a-mas-vilar\\\/#primaryimage\"},\"thumbnailUrl\":\"https:\\\/\\\/www.masvilar.cat\\\/wp-content\\\/uploads\\\/2020\\\/12\\\/mas-vilar-entrada.jpg\",\"articleSection\":[\"Sin categorizar\"],\"inLanguage\":\"es\"},{\"@type\":\"WebPage\",\"@id\":\"https:\\\/\\\/www.masvilar.cat\\\/es\\\/bienvenidos-a-mas-vilar\\\/\",\"url\":\"https:\\\/\\\/www.masvilar.cat\\\/es\\\/bienvenidos-a-mas-vilar\\\/\",\"name\":\"Bienvenidos a Mas Vilar - Mas Vilar\",\"isPartOf\":{\"@id\":\"https:\\\/\\\/www.masvilar.cat\\\/#website\"},\"primaryImageOfPage\":{\"@id\":\"https:\\\/\\\/www.masvilar.cat\\\/es\\\/bienvenidos-a-mas-vilar\\\/#primaryimage\"},\"image\":{\"@id\":\"https:\\\/\\\/www.masvilar.cat\\\/es\\\/bienvenidos-a-mas-vilar\\\/#primaryimage\"},\"thumbnailUrl\":\"https:\\\/\\\/www.masvilar.cat\\\/wp-content\\\/uploads\\\/2020\\\/12\\\/mas-vilar-entrada.jpg\",\"datePublished\":\"2021-01-01T09:59:10+00:00\",\"dateModified\":\"2021-01-13T09:59:22+00:00\",\"author\":{\"@id\":\"https:\\\/\\\/www.masvilar.cat\\\/#\\\/schema\\\/person\\\/cd4d13ded75fba48ad41f0e9c71f3155\"},\"breadcrumb\":{\"@id\":\"https:\\\/\\\/www.masvilar.cat\\\/es\\\/bienvenidos-a-mas-vilar\\\/#breadcrumb\"},\"inLanguage\":\"es\",\"potentialAction\":[{\"@type\":\"ReadAction\",\"target\":[\"https:\\\/\\\/www.masvilar.cat\\\/es\\\/bienvenidos-a-mas-vilar\\\/\"]}]},{\"@type\":\"ImageObject\",\"inLanguage\":\"es\",\"@id\":\"https:\\\/\\\/www.masvilar.cat\\\/es\\\/bienvenidos-a-mas-vilar\\\/#primaryimage\",\"url\":\"https:\\\/\\\/www.masvilar.cat\\\/wp-content\\\/uploads\\\/2020\\\/12\\\/mas-vilar-entrada.jpg\",\"contentUrl\":\"https:\\\/\\\/www.masvilar.cat\\\/wp-content\\\/uploads\\\/2020\\\/12\\\/mas-vilar-entrada.jpg\",\"width\":1200,\"height\":788},{\"@type\":\"BreadcrumbList\",\"@id\":\"https:\\\/\\\/www.masvilar.cat\\\/es\\\/bienvenidos-a-mas-vilar\\\/#breadcrumb\",\"itemListElement\":[{\"@type\":\"ListItem\",\"position\":1,\"name\":\"Inici\",\"item\":\"https:\\\/\\\/www.masvilar.cat\\\/es\\\/\"},{\"@type\":\"ListItem\",\"position\":2,\"name\":\"Bienvenidos a Mas Vilar\"}]},{\"@type\":\"WebSite\",\"@id\":\"https:\\\/\\\/www.masvilar.cat\\\/#website\",\"url\":\"https:\\\/\\\/www.masvilar.cat\\\/\",\"name\":\"Mas Vilar\",\"description\":\"Turisme Rural al Montseny\",\"potentialAction\":[{\"@type\":\"SearchAction\",\"target\":{\"@type\":\"EntryPoint\",\"urlTemplate\":\"https:\\\/\\\/www.masvilar.cat\\\/?s={search_term_string}\"},\"query-input\":{\"@type\":\"PropertyValueSpecification\",\"valueRequired\":true,\"valueName\":\"search_term_string\"}}],\"inLanguage\":\"es\"},{\"@type\":\"Person\",\"@id\":\"https:\\\/\\\/www.masvilar.cat\\\/#\\\/schema\\\/person\\\/cd4d13ded75fba48ad41f0e9c71f3155\",\"name\":\"weareonfaya\",\"url\":\"https:\\\/\\\/www.masvilar.cat\\\/es\\\/author\\\/onfayapr\\\/\"}]}<\/script>\n<!-- \/ Yoast SEO plugin. -->","yoast_head_json":{"title":"Bienvenidos a Mas Vilar - Mas Vilar","robots":{"index":"index","follow":"follow","max-snippet":"max-snippet:-1","max-image-preview":"max-image-preview:large","max-video-preview":"max-video-preview:-1"},"canonical":"https:\/\/www.masvilar.cat\/es\/bienvenidos-a-mas-vilar\/","og_locale":"es_ES","og_type":"article","og_title":"Bienvenidos a Mas Vilar - Mas Vilar","og_description":"Somos Jaume y Noem\u00ed y os queremos contar que reabrimos Mas Vilar, una masia situada en pleno coraz\u00f3n del Montseny, en Arb\u00facies, con un nuevo proyecto de turismo rural. Nuestra experiencia en Masia el Buxaus, durante 13 a\u00f1os, ha sido decisiva para emprender este nuevo proyecto. A lo largo de todos estos a\u00f1os hemos podido [&hellip;]","og_url":"https:\/\/www.masvilar.cat\/es\/bienvenidos-a-mas-vilar\/","og_site_name":"Mas Vilar","article_published_time":"2021-01-01T09:59:10+00:00","article_modified_time":"2021-01-13T09:59:22+00:00","og_image":[{"width":1200,"height":788,"url":"https:\/\/www.masvilar.cat\/wp-content\/uploads\/2020\/12\/mas-vilar-entrada.jpg","type":"image\/jpeg"}],"author":"weareonfaya","twitter_card":"summary_large_image","twitter_misc":{"Escrito por":"weareonfaya","Tiempo de lectura":"1 minuto"},"schema":{"@context":"https:\/\/schema.org","@graph":[{"@type":"Article","@id":"https:\/\/www.masvilar.cat\/es\/bienvenidos-a-mas-vilar\/#article","isPartOf":{"@id":"https:\/\/www.masvilar.cat\/es\/bienvenidos-a-mas-vilar\/"},"author":{"name":"weareonfaya","@id":"https:\/\/www.masvilar.cat\/#\/schema\/person\/cd4d13ded75fba48ad41f0e9c71f3155"},"headline":"Bienvenidos a Mas Vilar","datePublished":"2021-01-01T09:59:10+00:00","dateModified":"2021-01-13T09:59:22+00:00","mainEntityOfPage":{"@id":"https:\/\/www.masvilar.cat\/es\/bienvenidos-a-mas-vilar\/"},"wordCount":208,"image":{"@id":"https:\/\/www.masvilar.cat\/es\/bienvenidos-a-mas-vilar\/#primaryimage"},"thumbnailUrl":"https:\/\/www.masvilar.cat\/wp-content\/uploads\/2020\/12\/mas-vilar-entrada.jpg","articleSection":["Sin categorizar"],"inLanguage":"es"},{"@type":"WebPage","@id":"https:\/\/www.masvilar.cat\/es\/bienvenidos-a-mas-vilar\/","url":"https:\/\/www.masvilar.cat\/es\/bienvenidos-a-mas-vilar\/","name":"Bienvenidos a Mas Vilar - Mas Vilar","isPartOf":{"@id":"https:\/\/www.masvilar.cat\/#website"},"primaryImageOfPage":{"@id":"https:\/\/www.masvilar.cat\/es\/bienvenidos-a-mas-vilar\/#primaryimage"},"image":{"@id":"https:\/\/www.masvilar.cat\/es\/bienvenidos-a-mas-vilar\/#primaryimage"},"thumbnailUrl":"https:\/\/www.masvilar.cat\/wp-content\/uploads\/2020\/12\/mas-vilar-entrada.jpg","datePublished":"2021-01-01T09:59:10+00:00","dateModified":"2021-01-13T09:59:22+00:00","author":{"@id":"https:\/\/www.masvilar.cat\/#\/schema\/person\/cd4d13ded75fba48ad41f0e9c71f3155"},"breadcrumb":{"@id":"https:\/\/www.masvilar.cat\/es\/bienvenidos-a-mas-vilar\/#breadcrumb"},"inLanguage":"es","potentialAction":[{"@type":"ReadAction","target":["https:\/\/www.masvilar.cat\/es\/bienvenidos-a-mas-vilar\/"]}]},{"@type":"ImageObject","inLanguage":"es","@id":"https:\/\/www.masvilar.cat\/es\/bienvenidos-a-mas-vilar\/#primaryimage","url":"https:\/\/www.masvilar.cat\/wp-content\/uploads\/2020\/12\/mas-vilar-entrada.jpg","contentUrl":"https:\/\/www.masvilar.cat\/wp-content\/uploads\/2020\/12\/mas-vilar-entrada.jpg","width":1200,"height":788},{"@type":"BreadcrumbList","@id":"https:\/\/www.masvilar.cat\/es\/bienvenidos-a-mas-vilar\/#breadcrumb","itemListElement":[{"@type":"ListItem","position":1,"name":"Inici","item":"https:\/\/www.masvilar.cat\/es\/"},{"@type":"ListItem","position":2,"name":"Bienvenidos a Mas Vilar"}]},{"@type":"WebSite","@id":"https:\/\/www.masvilar.cat\/#website","url":"https:\/\/www.masvilar.cat\/","name":"Mas Vilar","description":"Turisme Rural al Montseny","potentialAction":[{"@type":"SearchAction","target":{"@type":"EntryPoint","urlTemplate":"https:\/\/www.masvilar.cat\/?s={search_term_string}"},"query-input":{"@type":"PropertyValueSpecification","valueRequired":true,"valueName":"search_term_string"}}],"inLanguage":"es"},{"@type":"Person","@id":"https:\/\/www.masvilar.cat\/#\/schema\/person\/cd4d13ded75fba48ad41f0e9c71f3155","name":"weareonfaya","url":"https:\/\/www.masvilar.cat\/es\/author\/onfayapr\/"}]}},"_links":{"self":[{"href":"https:\/\/www.masvilar.cat\/es\/wp-json\/wp\/v2\/posts\/4359","targetHints":{"allow":["GET"]}}],"collection":[{"href":"https:\/\/www.masvilar.cat\/es\/wp-json\/wp\/v2\/posts"}],"about":[{"href":"https:\/\/www.masvilar.cat\/es\/wp-json\/wp\/v2\/types\/post"}],"author":[{"embeddable":true,"href":"https:\/\/www.masvilar.cat\/es\/wp-json\/wp\/v2\/users\/1"}],"replies":[{"embeddable":true,"href":"https:\/\/www.masvilar.cat\/es\/wp-json\/wp\/v2\/comments?post=4359"}],"version-history":[{"count":3,"href":"https:\/\/www.masvilar.cat\/es\/wp-json\/wp\/v2\/posts\/4359\/revisions"}],"predecessor-version":[{"id":4362,"href":"https:\/\/www.masvilar.cat\/es\/wp-json\/wp\/v2\/posts\/4359\/revisions\/4362"}],"wp:featuredmedia":[{"embeddable":true,"href":"https:\/\/www.masvilar.cat\/es\/wp-json\/wp\/v2\/media\/4363"}],"wp:attachment":[{"href":"https:\/\/www.masvilar.cat\/es\/wp-json\/wp\/v2\/media?parent=4359"}],"wp:term":[{"taxonomy":"category","embeddable":true,"href":"https:\/\/www.masvilar.cat\/es\/wp-json\/wp\/v2\/categories?post=4359"},{"taxonomy":"post_tag","embeddable":true,"href":"https:\/\/www.masvilar.cat\/es\/wp-json\/wp\/v2\/tags?post=4359"}],"curies":[{"name":"wp","href":"https:\/\/api.w.org\/{rel}","templated":true}]}}