{"id":6595,"date":"2021-08-08T08:16:51","date_gmt":"2021-08-08T08:16:51","guid":{"rendered":"https:\/\/www.masvilar.cat\/workshop-llavor-al-mas-vilar-body-awareness-in-montseny\/"},"modified":"2021-08-08T08:16:52","modified_gmt":"2021-08-08T08:16:52","slug":"workshop-llavor-al-mas-vilar-body-awareness-in-montseny","status":"publish","type":"post","link":"https:\/\/www.masvilar.cat\/en\/workshop-llavor-al-mas-vilar-body-awareness-in-montseny\/","title":{"rendered":"Workshop LLavor al M\u00e1s Vilar &#8211; body awareness in Montseny"},"content":{"rendered":"\n[et_pb_section fb_built=&#8221;1&#8243; admin_label=&#8221;section&#8221; _builder_version=&#8221;3.22&#8243;][et_pb_row admin_label=&#8221;row&#8221; _builder_version=&#8221;4.9.10&#8243; background_size=&#8221;initial&#8221; background_position=&#8221;top_left&#8221; background_repeat=&#8221;repeat&#8221; hover_enabled=&#8221;0&#8243; sticky_enabled=&#8221;0&#8243;][et_pb_column type=&#8221;4_4&#8243; _builder_version=&#8221;3.25&#8243; custom_padding=&#8221;|||&#8221; custom_padding__hover=&#8221;|||&#8221;][et_pb_text _builder_version=&#8221;4.9.10&#8243; _module_preset=&#8221;default&#8221; hover_enabled=&#8221;0&#8243; sticky_enabled=&#8221;0&#8243; admin_label=&#8221;Text&#8221;]<h2 class=\"t pg-1m0 pg-1x0 pg-1h4 pg-1y3 pg-1ff1 pg-1fs1 pg-1fc1 pg-1sc0 pg-1ls0 pg-1ws0\" style=\"text-align: justify\"><strong>Classes open to everyone<\/strong><\/h2>\n<div class=\"t pg-1m0 pg-1x0 pg-1h4 pg-1y4 pg-1ff1 pg-1fs1 pg-1fc1 pg-1sc0 pg-1ls0 pg-1ws0\" style=\"text-align: justify\"><strong>from Friday to Monday in August from 11 a.m. to 12 a.m<\/strong><\/div>\n<div class=\"t pg-1m0 pg-1x0 pg-1h4 pg-1y4 pg-1ff1 pg-1fs1 pg-1fc1 pg-1sc0 pg-1ls0 pg-1ws0\" style=\"text-align: justify\"><\/div>\n<div class=\"t pg-1m0 pg-1x0 pg-1h4 pg-1y4 pg-1ff1 pg-1fs1 pg-1fc1 pg-1sc0 pg-1ls0 pg-1ws0\">\n<div class=\"t pg-2m0 pg-2x0 pg-2h3 pg-2y2 pg-2ff1 pg-2fs0 pg-2fc0 pg-2sc0 pg-2ls0 pg-2ws0\" style=\"text-align: justify\"><strong>August 2021<\/strong><\/div>\n<div class=\"t pg-2m0 pg-2x0 pg-2h3 pg-2y2 pg-2ff1 pg-2fs0 pg-2fc0 pg-2sc0 pg-2ls0 pg-2ws0\" style=\"text-align: justify\"><\/div>\n<div class=\"t pg-2m0 pg-2x0 pg-2h3 pg-2y2 pg-2ff1 pg-2fs0 pg-2fc0 pg-2sc0 pg-2ls0 pg-2ws0\" style=\"text-align: justify\">These classes are designed for <strong>people interested in maintaining body and mental awareness, creativity and relationship with space<span class=\"_ pg-2_0\"><\/span><\/strong><\/div>\n<div class=\"t pg-2m0 pg-2x0 pg-2h3 pg-2y5 pg-2ff1 pg-2fs0 pg-2fc0 pg-2sc0 pg-2ls0 pg-2ws0\" style=\"text-align: justify\"><\/div>\n<div class=\"t pg-2m0 pg-2x0 pg-2h3 pg-2y6 pg-2ff1 pg-2fs0 pg-2fc0 pg-2sc0 pg-2ls0 pg-2ws0\" style=\"text-align: justify\">In this meeting we will immerse ourselves in nature from the presence that <strong>connects us with body consciousness<\/strong>, that mental state that connects with posture, being aware of how my body is or segments<\/div>\n<div class=\"t pg-2m0 pg-2x0 pg-2h3 pg-2y9 pg-2ff1 pg-2fs0 pg-2fc0 pg-2sc0 pg-2ls0 pg-2ws0\" style=\"text-align: justify\">of it according to the environment and the action.<\/div>\n<div class=\"t pg-2m0 pg-2x0 pg-2h3 pg-2ya pg-2ff1 pg-2fs0 pg-2fc0 pg-2sc0 pg-2ls0 pg-2ws0\" style=\"text-align: justify\">It will be a first contact with the pedagogical work and training that the bailaora <strong>S\u00f2nia S\u00e1nchez<\/strong> has developed from body weather, flamenco and improvisation. To develop the capacity for analysis, awareness and presence. <span class=\"_ pg-2_0\"><\/span><\/div>\n<div class=\"t pg-2m0 pg-2x0 pg-2h3 pg-2yd pg-2ff1 pg-2fs0 pg-2fc0 pg-2sc0 pg-2ls0 pg-2ws0\" style=\"text-align: justify\"><\/div>\n<div class=\"t pg-2m0 pg-2x0 pg-2h3 pg-2ye pg-2ff1 pg-2fs0 pg-2fc0 pg-2sc0 pg-2ls0 pg-2ws0\" style=\"text-align: justify\">Beyond form, life is body, mind, soul in motion.<\/div>\n<div class=\"t pg-2m0 pg-2x0 pg-2h3 pg-2ye pg-2ff1 pg-2fs0 pg-2fc0 pg-2sc0 pg-2ls0 pg-2ws0\" style=\"text-align: justify\"><\/div>\n<div class=\"t pg-2m0 pg-2x0 pg-2h3 pg-2yf pg-2ff1 pg-2fs0 pg-2fc0 pg-2sc0 pg-2ls0 pg-2ws0\" style=\"text-align: justify\">\u00c9s el moment de trencar amb la disciplina per justament endinsar-se en ella.<\/div>\n<div class=\"t pg-2m0 pg-2x0 pg-2h3 pg-2yf pg-2ff1 pg-2fs0 pg-2fc0 pg-2sc0 pg-2ls0 pg-2ws0\" style=\"text-align: justify\"><\/div>\n<div class=\"t pg-2m0 pg-2x0 pg-2h3 pg-2y10 pg-2ff1 pg-2fs0 pg-2fc0 pg-2sc0 pg-2ls0 pg-2ws0\" style=\"text-align: justify\">Be what we are freely, A unique experience.<\/div>\n<div class=\"t pg-2m0 pg-2x0 pg-2h3 pg-2y11 pg-2ff1 pg-2fs0 pg-2fc0 pg-2sc0 pg-2ls0 pg-2ws0\" style=\"text-align: justify\"><\/div>\n<p class=\"t pg-2m0 pg-2x0 pg-2h3 pg-2y11 pg-2ff1 pg-2fs0 pg-2fc0 pg-2sc0 pg-2ls0 pg-2ws0\" style=\"text-align: justify\"><strong>Reserve your place!<\/strong><\/p>\n<p class=\"t pg-2m0 pg-2x0 pg-2h3 pg-2y12 pg-2ff1 pg-2fs0 pg-2fc0 pg-2sc0 pg-2ls0 pg-2ws0\" style=\"text-align: justify\"><strong>donation \u20ac 12 \/ day- \u20ac 40\/4 sessions<\/strong><\/p>\n<\/div>[\/et_pb_text][\/et_pb_column][\/et_pb_row][\/et_pb_section]\n","protected":false},"excerpt":{"rendered":"<p>Classes open to everyone from Friday to Monday in August from 11 a.m. to 12 a.m August 2021 These classes are designed for people interested in maintaining body and mental awareness, creativity and relationship with space In this meeting we will immerse ourselves in nature from the presence that connects us with body consciousness, that [&hellip;]<\/p>\n","protected":false},"author":6,"featured_media":6580,"comment_status":"open","ping_status":"open","sticky":false,"template":"","format":"standard","meta":{"_et_pb_use_builder":"on","_et_pb_old_content":"","_et_gb_content_width":"","footnotes":""},"categories":[26],"tags":[41,40],"class_list":["post-6595","post","type-post","status-publish","format-standard","has-post-thumbnail","hentry","category-uncategorized","tag-coaching-en","tag-mindfulness-en"],"yoast_head":"<!-- This site is optimized with the Yoast SEO plugin v27.3 - https:\/\/yoast.com\/product\/yoast-seo-wordpress\/ -->\n<title>Workshop LLavor al M\u00e1s Vilar - body awareness in Montseny - Mas Vilar<\/title>\n<meta name=\"description\" content=\"Then in the M\u00e1s Vilar workshop - body awareness in Montseny with the dancer S\u00f2nia S\u00e1nchez, registration open all August.\" \/>\n<meta name=\"robots\" content=\"index, follow, max-snippet:-1, max-image-preview:large, max-video-preview:-1\" \/>\n<link rel=\"canonical\" href=\"https:\/\/www.masvilar.cat\/en\/workshop-llavor-al-mas-vilar-body-awareness-in-montseny\/\" \/>\n<meta property=\"og:locale\" content=\"en_US\" \/>\n<meta property=\"og:type\" content=\"article\" \/>\n<meta property=\"og:title\" content=\"Workshop LLavor al M\u00e1s Vilar - body awareness in Montseny - Mas Vilar\" \/>\n<meta property=\"og:description\" content=\"Then in the M\u00e1s Vilar workshop - body awareness in Montseny with the dancer S\u00f2nia S\u00e1nchez, registration open all August.\" \/>\n<meta property=\"og:url\" content=\"https:\/\/www.masvilar.cat\/en\/workshop-llavor-al-mas-vilar-body-awareness-in-montseny\/\" \/>\n<meta property=\"og:site_name\" content=\"Mas Vilar\" \/>\n<meta property=\"article:published_time\" content=\"2021-08-08T08:16:51+00:00\" \/>\n<meta property=\"article:modified_time\" content=\"2021-08-08T08:16:52+00:00\" \/>\n<meta property=\"og:image\" content=\"https:\/\/www.masvilar.cat\/wp-content\/uploads\/2021\/08\/06_D-Vtl-\u00a9Joan-Cortes_01jul17_Vnys-Vlls-Snt-Hlr_Crdd.jpg\" \/>\n\t<meta property=\"og:image:width\" content=\"399\" \/>\n\t<meta property=\"og:image:height\" content=\"600\" \/>\n\t<meta property=\"og:image:type\" content=\"image\/jpeg\" \/>\n<meta name=\"author\" content=\"Daniel Garcia Carreras\" \/>\n<meta name=\"twitter:card\" content=\"summary_large_image\" \/>\n<meta name=\"twitter:label1\" content=\"Written by\" \/>\n\t<meta name=\"twitter:data1\" content=\"Daniel Garcia Carreras\" \/>\n\t<meta name=\"twitter:label2\" content=\"Est. reading time\" \/>\n\t<meta name=\"twitter:data2\" content=\"1 minute\" \/>\n<script type=\"application\/ld+json\" class=\"yoast-schema-graph\">{\"@context\":\"https:\\\/\\\/schema.org\",\"@graph\":[{\"@type\":\"Article\",\"@id\":\"https:\\\/\\\/www.masvilar.cat\\\/en\\\/workshop-llavor-al-mas-vilar-body-awareness-in-montseny\\\/#article\",\"isPartOf\":{\"@id\":\"https:\\\/\\\/www.masvilar.cat\\\/en\\\/workshop-llavor-al-mas-vilar-body-awareness-in-montseny\\\/\"},\"author\":{\"name\":\"Daniel Garcia Carreras\",\"@id\":\"https:\\\/\\\/www.masvilar.cat\\\/#\\\/schema\\\/person\\\/bdab13c85c6b98ebb6bdf0bafa17986d\"},\"headline\":\"Workshop LLavor al M\u00e1s Vilar &#8211; body awareness in Montseny\",\"datePublished\":\"2021-08-08T08:16:51+00:00\",\"dateModified\":\"2021-08-08T08:16:52+00:00\",\"mainEntityOfPage\":{\"@id\":\"https:\\\/\\\/www.masvilar.cat\\\/en\\\/workshop-llavor-al-mas-vilar-body-awareness-in-montseny\\\/\"},\"wordCount\":231,\"commentCount\":0,\"image\":{\"@id\":\"https:\\\/\\\/www.masvilar.cat\\\/en\\\/workshop-llavor-al-mas-vilar-body-awareness-in-montseny\\\/#primaryimage\"},\"thumbnailUrl\":\"https:\\\/\\\/www.masvilar.cat\\\/wp-content\\\/uploads\\\/2021\\\/08\\\/06_D-Vtl-\u00a9Joan-Cortes_01jul17_Vnys-Vlls-Snt-Hlr_Crdd.jpg\",\"keywords\":[\"coaching\",\"mindfulness\"],\"inLanguage\":\"en-US\"},{\"@type\":\"WebPage\",\"@id\":\"https:\\\/\\\/www.masvilar.cat\\\/en\\\/workshop-llavor-al-mas-vilar-body-awareness-in-montseny\\\/\",\"url\":\"https:\\\/\\\/www.masvilar.cat\\\/en\\\/workshop-llavor-al-mas-vilar-body-awareness-in-montseny\\\/\",\"name\":\"Workshop LLavor al M\u00e1s Vilar - body awareness in Montseny - Mas Vilar\",\"isPartOf\":{\"@id\":\"https:\\\/\\\/www.masvilar.cat\\\/#website\"},\"primaryImageOfPage\":{\"@id\":\"https:\\\/\\\/www.masvilar.cat\\\/en\\\/workshop-llavor-al-mas-vilar-body-awareness-in-montseny\\\/#primaryimage\"},\"image\":{\"@id\":\"https:\\\/\\\/www.masvilar.cat\\\/en\\\/workshop-llavor-al-mas-vilar-body-awareness-in-montseny\\\/#primaryimage\"},\"thumbnailUrl\":\"https:\\\/\\\/www.masvilar.cat\\\/wp-content\\\/uploads\\\/2021\\\/08\\\/06_D-Vtl-\u00a9Joan-Cortes_01jul17_Vnys-Vlls-Snt-Hlr_Crdd.jpg\",\"datePublished\":\"2021-08-08T08:16:51+00:00\",\"dateModified\":\"2021-08-08T08:16:52+00:00\",\"author\":{\"@id\":\"https:\\\/\\\/www.masvilar.cat\\\/#\\\/schema\\\/person\\\/bdab13c85c6b98ebb6bdf0bafa17986d\"},\"description\":\"Then in the M\u00e1s Vilar workshop - body awareness in Montseny with the dancer S\u00f2nia S\u00e1nchez, registration open all August.\",\"breadcrumb\":{\"@id\":\"https:\\\/\\\/www.masvilar.cat\\\/en\\\/workshop-llavor-al-mas-vilar-body-awareness-in-montseny\\\/#breadcrumb\"},\"inLanguage\":\"en-US\",\"potentialAction\":[{\"@type\":\"ReadAction\",\"target\":[\"https:\\\/\\\/www.masvilar.cat\\\/en\\\/workshop-llavor-al-mas-vilar-body-awareness-in-montseny\\\/\"]}]},{\"@type\":\"ImageObject\",\"inLanguage\":\"en-US\",\"@id\":\"https:\\\/\\\/www.masvilar.cat\\\/en\\\/workshop-llavor-al-mas-vilar-body-awareness-in-montseny\\\/#primaryimage\",\"url\":\"https:\\\/\\\/www.masvilar.cat\\\/wp-content\\\/uploads\\\/2021\\\/08\\\/06_D-Vtl-\u00a9Joan-Cortes_01jul17_Vnys-Vlls-Snt-Hlr_Crdd.jpg\",\"contentUrl\":\"https:\\\/\\\/www.masvilar.cat\\\/wp-content\\\/uploads\\\/2021\\\/08\\\/06_D-Vtl-\u00a9Joan-Cortes_01jul17_Vnys-Vlls-Snt-Hlr_Crdd.jpg\",\"width\":399,\"height\":600},{\"@type\":\"BreadcrumbList\",\"@id\":\"https:\\\/\\\/www.masvilar.cat\\\/en\\\/workshop-llavor-al-mas-vilar-body-awareness-in-montseny\\\/#breadcrumb\",\"itemListElement\":[{\"@type\":\"ListItem\",\"position\":1,\"name\":\"Inici\",\"item\":\"https:\\\/\\\/www.masvilar.cat\\\/en\\\/\"},{\"@type\":\"ListItem\",\"position\":2,\"name\":\"Workshop LLavor al M\u00e1s Vilar &#8211; body awareness in Montseny\"}]},{\"@type\":\"WebSite\",\"@id\":\"https:\\\/\\\/www.masvilar.cat\\\/#website\",\"url\":\"https:\\\/\\\/www.masvilar.cat\\\/\",\"name\":\"Mas Vilar\",\"description\":\"Turisme Rural al Montseny\",\"potentialAction\":[{\"@type\":\"SearchAction\",\"target\":{\"@type\":\"EntryPoint\",\"urlTemplate\":\"https:\\\/\\\/www.masvilar.cat\\\/?s={search_term_string}\"},\"query-input\":{\"@type\":\"PropertyValueSpecification\",\"valueRequired\":true,\"valueName\":\"search_term_string\"}}],\"inLanguage\":\"en-US\"},{\"@type\":\"Person\",\"@id\":\"https:\\\/\\\/www.masvilar.cat\\\/#\\\/schema\\\/person\\\/bdab13c85c6b98ebb6bdf0bafa17986d\",\"name\":\"Daniel Garcia Carreras\",\"url\":\"https:\\\/\\\/www.masvilar.cat\\\/en\\\/author\\\/dani\\\/\"}]}<\/script>\n<!-- \/ Yoast SEO plugin. -->","yoast_head_json":{"title":"Workshop LLavor al M\u00e1s Vilar - body awareness in Montseny - Mas Vilar","description":"Then in the M\u00e1s Vilar workshop - body awareness in Montseny with the dancer S\u00f2nia S\u00e1nchez, registration open all August.","robots":{"index":"index","follow":"follow","max-snippet":"max-snippet:-1","max-image-preview":"max-image-preview:large","max-video-preview":"max-video-preview:-1"},"canonical":"https:\/\/www.masvilar.cat\/en\/workshop-llavor-al-mas-vilar-body-awareness-in-montseny\/","og_locale":"en_US","og_type":"article","og_title":"Workshop LLavor al M\u00e1s Vilar - body awareness in Montseny - Mas Vilar","og_description":"Then in the M\u00e1s Vilar workshop - body awareness in Montseny with the dancer S\u00f2nia S\u00e1nchez, registration open all August.","og_url":"https:\/\/www.masvilar.cat\/en\/workshop-llavor-al-mas-vilar-body-awareness-in-montseny\/","og_site_name":"Mas Vilar","article_published_time":"2021-08-08T08:16:51+00:00","article_modified_time":"2021-08-08T08:16:52+00:00","og_image":[{"width":399,"height":600,"url":"https:\/\/www.masvilar.cat\/wp-content\/uploads\/2021\/08\/06_D-Vtl-\u00a9Joan-Cortes_01jul17_Vnys-Vlls-Snt-Hlr_Crdd.jpg","type":"image\/jpeg"}],"author":"Daniel Garcia Carreras","twitter_card":"summary_large_image","twitter_misc":{"Written by":"Daniel Garcia Carreras","Est. reading time":"1 minute"},"schema":{"@context":"https:\/\/schema.org","@graph":[{"@type":"Article","@id":"https:\/\/www.masvilar.cat\/en\/workshop-llavor-al-mas-vilar-body-awareness-in-montseny\/#article","isPartOf":{"@id":"https:\/\/www.masvilar.cat\/en\/workshop-llavor-al-mas-vilar-body-awareness-in-montseny\/"},"author":{"name":"Daniel Garcia Carreras","@id":"https:\/\/www.masvilar.cat\/#\/schema\/person\/bdab13c85c6b98ebb6bdf0bafa17986d"},"headline":"Workshop LLavor al M\u00e1s Vilar &#8211; body awareness in Montseny","datePublished":"2021-08-08T08:16:51+00:00","dateModified":"2021-08-08T08:16:52+00:00","mainEntityOfPage":{"@id":"https:\/\/www.masvilar.cat\/en\/workshop-llavor-al-mas-vilar-body-awareness-in-montseny\/"},"wordCount":231,"commentCount":0,"image":{"@id":"https:\/\/www.masvilar.cat\/en\/workshop-llavor-al-mas-vilar-body-awareness-in-montseny\/#primaryimage"},"thumbnailUrl":"https:\/\/www.masvilar.cat\/wp-content\/uploads\/2021\/08\/06_D-Vtl-\u00a9Joan-Cortes_01jul17_Vnys-Vlls-Snt-Hlr_Crdd.jpg","keywords":["coaching","mindfulness"],"inLanguage":"en-US"},{"@type":"WebPage","@id":"https:\/\/www.masvilar.cat\/en\/workshop-llavor-al-mas-vilar-body-awareness-in-montseny\/","url":"https:\/\/www.masvilar.cat\/en\/workshop-llavor-al-mas-vilar-body-awareness-in-montseny\/","name":"Workshop LLavor al M\u00e1s Vilar - body awareness in Montseny - Mas Vilar","isPartOf":{"@id":"https:\/\/www.masvilar.cat\/#website"},"primaryImageOfPage":{"@id":"https:\/\/www.masvilar.cat\/en\/workshop-llavor-al-mas-vilar-body-awareness-in-montseny\/#primaryimage"},"image":{"@id":"https:\/\/www.masvilar.cat\/en\/workshop-llavor-al-mas-vilar-body-awareness-in-montseny\/#primaryimage"},"thumbnailUrl":"https:\/\/www.masvilar.cat\/wp-content\/uploads\/2021\/08\/06_D-Vtl-\u00a9Joan-Cortes_01jul17_Vnys-Vlls-Snt-Hlr_Crdd.jpg","datePublished":"2021-08-08T08:16:51+00:00","dateModified":"2021-08-08T08:16:52+00:00","author":{"@id":"https:\/\/www.masvilar.cat\/#\/schema\/person\/bdab13c85c6b98ebb6bdf0bafa17986d"},"description":"Then in the M\u00e1s Vilar workshop - body awareness in Montseny with the dancer S\u00f2nia S\u00e1nchez, registration open all August.","breadcrumb":{"@id":"https:\/\/www.masvilar.cat\/en\/workshop-llavor-al-mas-vilar-body-awareness-in-montseny\/#breadcrumb"},"inLanguage":"en-US","potentialAction":[{"@type":"ReadAction","target":["https:\/\/www.masvilar.cat\/en\/workshop-llavor-al-mas-vilar-body-awareness-in-montseny\/"]}]},{"@type":"ImageObject","inLanguage":"en-US","@id":"https:\/\/www.masvilar.cat\/en\/workshop-llavor-al-mas-vilar-body-awareness-in-montseny\/#primaryimage","url":"https:\/\/www.masvilar.cat\/wp-content\/uploads\/2021\/08\/06_D-Vtl-\u00a9Joan-Cortes_01jul17_Vnys-Vlls-Snt-Hlr_Crdd.jpg","contentUrl":"https:\/\/www.masvilar.cat\/wp-content\/uploads\/2021\/08\/06_D-Vtl-\u00a9Joan-Cortes_01jul17_Vnys-Vlls-Snt-Hlr_Crdd.jpg","width":399,"height":600},{"@type":"BreadcrumbList","@id":"https:\/\/www.masvilar.cat\/en\/workshop-llavor-al-mas-vilar-body-awareness-in-montseny\/#breadcrumb","itemListElement":[{"@type":"ListItem","position":1,"name":"Inici","item":"https:\/\/www.masvilar.cat\/en\/"},{"@type":"ListItem","position":2,"name":"Workshop LLavor al M\u00e1s Vilar &#8211; body awareness in Montseny"}]},{"@type":"WebSite","@id":"https:\/\/www.masvilar.cat\/#website","url":"https:\/\/www.masvilar.cat\/","name":"Mas Vilar","description":"Turisme Rural al Montseny","potentialAction":[{"@type":"SearchAction","target":{"@type":"EntryPoint","urlTemplate":"https:\/\/www.masvilar.cat\/?s={search_term_string}"},"query-input":{"@type":"PropertyValueSpecification","valueRequired":true,"valueName":"search_term_string"}}],"inLanguage":"en-US"},{"@type":"Person","@id":"https:\/\/www.masvilar.cat\/#\/schema\/person\/bdab13c85c6b98ebb6bdf0bafa17986d","name":"Daniel Garcia Carreras","url":"https:\/\/www.masvilar.cat\/en\/author\/dani\/"}]}},"_links":{"self":[{"href":"https:\/\/www.masvilar.cat\/en\/wp-json\/wp\/v2\/posts\/6595","targetHints":{"allow":["GET"]}}],"collection":[{"href":"https:\/\/www.masvilar.cat\/en\/wp-json\/wp\/v2\/posts"}],"about":[{"href":"https:\/\/www.masvilar.cat\/en\/wp-json\/wp\/v2\/types\/post"}],"author":[{"embeddable":true,"href":"https:\/\/www.masvilar.cat\/en\/wp-json\/wp\/v2\/users\/6"}],"replies":[{"embeddable":true,"href":"https:\/\/www.masvilar.cat\/en\/wp-json\/wp\/v2\/comments?post=6595"}],"version-history":[{"count":2,"href":"https:\/\/www.masvilar.cat\/en\/wp-json\/wp\/v2\/posts\/6595\/revisions"}],"predecessor-version":[{"id":6597,"href":"https:\/\/www.masvilar.cat\/en\/wp-json\/wp\/v2\/posts\/6595\/revisions\/6597"}],"wp:featuredmedia":[{"embeddable":true,"href":"https:\/\/www.masvilar.cat\/en\/wp-json\/wp\/v2\/media\/6580"}],"wp:attachment":[{"href":"https:\/\/www.masvilar.cat\/en\/wp-json\/wp\/v2\/media?parent=6595"}],"wp:term":[{"taxonomy":"category","embeddable":true,"href":"https:\/\/www.masvilar.cat\/en\/wp-json\/wp\/v2\/categories?post=6595"},{"taxonomy":"post_tag","embeddable":true,"href":"https:\/\/www.masvilar.cat\/en\/wp-json\/wp\/v2\/tags?post=6595"}],"curies":[{"name":"wp","href":"https:\/\/api.w.org\/{rel}","templated":true}]}}